{"id":12307,"date":"2023-11-26T20:00:00","date_gmt":"2023-11-26T20:00:00","guid":{"rendered":"https:\/\/norceca.info\/?p=12307"},"modified":"2023-11-27T13:52:59","modified_gmt":"2023-11-27T13:52:59","slug":"nicaragua-women-and-costa-rica-men-central-american-u17-beach-champions","status":"publish","type":"post","link":"https:\/\/norceca.info\/es\/nicaragua-women-and-costa-rica-men-central-american-u17-beach-champions\/","title":{"rendered":"Nicaragua Femenino y Costa Rica Masculino Campeones Centroamericanos Sub17 de Playa"},"content":{"rendered":"<p>SAN JOSE, Costa Rica, 25 noviembre, 2023.- La dupla Ella Resau y Yulimar Alvarado de Nicaragua y Stanley Grant y Cristian Oporta de Costa Rica son los campeones de la primera edici\u00f3n del Campeonato Centroamericano de Voleibol Playa Sub17 realizado en el Parque Metropolitano la Sabana en Costa Rica.<\/p>\n\n\n\n<p>Cristian Oporta y Stanley Grant, de Costa Rica, se impusieron a Yustin Gantes y Einar Rodr\u00edguez, de Panam\u00e1, dos sets por cero (21-13, 21-9) y m\u00e1s tarde, en el \u00faltimo juego del torneo, ratificaron su supremac\u00eda ante la dupla de Nicaragua, integrada por Jos\u00e9 Fernando Castro y Diego Cardoza, a la que superaron 2-0 (21-10, 21-13), con seis triunfos consecutivos y sin ninguna derrota reconfirmaron la corona centroamericana para su pa\u00eds.<\/p>\n\n\n\n<p>Oporta y Grant abrieron el camino al t\u00edtulo el viernes, cuando vencieron a Guatemala (2-1) y Panam\u00e1 (2-1); un paso firme que mantuvieron el s\u00e1bado, al imponerse a Nicaragua (2-0) y Guatemala (2-1), y que consolidaron este domingo con las nuevas victorias sobre Panam\u00e1 (2-0) y Nicaragua (2-0).<\/p>\n\n\n\n<figure class=\"wp-block-image aligncenter size-large\"><img loading=\"lazy\" decoding=\"async\" width=\"1024\" height=\"576\" src=\"https:\/\/norceca.info\/wp-content\/uploads\/2023\/11\/1er-Partido-Sub17-Fem-NCAvsGUA_20-_Ella-Resau-1024x576.jpg\" alt=\"\" class=\"wp-image-12309\" srcset=\"https:\/\/norceca.info\/wp-content\/uploads\/2023\/11\/1er-Partido-Sub17-Fem-NCAvsGUA_20-_Ella-Resau-1024x576.jpg 1024w, https:\/\/norceca.info\/wp-content\/uploads\/2023\/11\/1er-Partido-Sub17-Fem-NCAvsGUA_20-_Ella-Resau-300x169.jpg 300w, https:\/\/norceca.info\/wp-content\/uploads\/2023\/11\/1er-Partido-Sub17-Fem-NCAvsGUA_20-_Ella-Resau-768x432.jpg 768w, https:\/\/norceca.info\/wp-content\/uploads\/2023\/11\/1er-Partido-Sub17-Fem-NCAvsGUA_20-_Ella-Resau-1536x864.jpg 1536w, https:\/\/norceca.info\/wp-content\/uploads\/2023\/11\/1er-Partido-Sub17-Fem-NCAvsGUA_20-_Ella-Resau-2048x1152.jpg 2048w, https:\/\/norceca.info\/wp-content\/uploads\/2023\/11\/1er-Partido-Sub17-Fem-NCAvsGUA_20-_Ella-Resau-18x10.jpg 18w\" sizes=\"auto, (max-width: 1024px) 100vw, 1024px\" \/><figcaption class=\"wp-element-caption\">NICARAGUA<\/figcaption><\/figure>\n\n\n\n<p>El segundo lugar fue para Juan Carlos Men\u00e9ndez y Daniel Sosa de Guatemala y Panam\u00e1 de Yustin Gantes y Einar Rodr\u00edguez se dejaorn el bronce.<\/p>\n\n\n\n<p>En femenino, el oro en Sub17 correspondi\u00f3 a las nicarag\u00fcenses Ella Resau y Yulimar Alvarado, quienes este domingo en juego clave sumaron su cuarto triunfo en fila al imponerse 2-1 (21-11, 18-21, 15-9) a Devora Medina y Daniela Vigil, de El Salvador (medalla de plata).<\/p>\n\n\n\n<p>Las costarricenses Sury Jim\u00e9nez y Mariana Fallas derrotaron este domingo a las paname\u00f1as Keysi Fuentes y Dayanis R\u00edos 2-0, con parciales de 21-17, 21-14, para finalizar terceras en el Campeonato Centroamericano del Voleibol Playa Sub17.<\/p>\n\n\n\n<p>La medalla de plata fue para El Salvador y Costa Rica obtuvo el bronce.<\/p>\n\n\n\n<p><a href=\"https:\/\/flic.kr\/s\/aHBqjB4Fs4\" target=\"_blank\" rel=\"noreferrer noopener\"><strong>ALBUM FLICKR SUB 17 MASCULINO<\/strong><\/a><strong><u><\/u><\/strong><\/p>\n\n\n\n<p><a href=\"https:\/\/flic.kr\/s\/aHBqjB4EjG\" target=\"_blank\" rel=\"noreferrer noopener\"><strong>ALBUM FLICKR SUB 17 FEMENINO<\/strong><\/a><strong><u><\/u><\/strong><\/p>\n\n\n\n<p><a href=\"http:\/\/www.afecavol.org\/eventos\/2023\/11\/i-campeonato-centroamericano-de-voleibol-de-playa-sub-17.aspx\" target=\"_blank\" rel=\"noreferrer noopener\"><strong>AFECAVOL I SUB17 DE VOLEIBOL DE PLAYA<\/strong><\/a><strong><u><\/u><\/strong><\/p>\n\n\n\n<p><strong>PODIO FEMENINO<\/strong><\/p>\n\n\n\n<p>GOLD: NICARAGUA<\/p>\n\n\n\n<p>SILVER: EL SALVADOR<\/p>\n\n\n\n<p>BRONZE: COSTA RICA<\/p>\n\n\n\n<p><strong>PODIO MASCULINO<\/strong><\/p>\n\n\n\n<p>GOLD: COSTA RICA<\/p>\n\n\n\n<p>SILVER: GUATEMALA<\/p>\n\n\n\n<p>BRONZE: PANAMA<\/p>\n\n\n\n<p><strong>RESULTADOS FEMENINOS<\/strong><\/p>\n\n\n\n<figure class=\"wp-block-table\"><table><tbody><tr><td>Resau\/Alvarado<\/td><td>NCA<\/td><td>Vasquez\/Osorio<\/td><td>GUA<\/td><td>2<\/td><td>&#8211;<\/td><td>0<\/td><td>21<\/td><td>&#8211;<\/td><td>15<\/td><td>21<\/td><td>&#8211;<\/td><td>10<\/td><td><\/td><td><\/td><td><\/td><\/tr><tr><td>Fuentes\/Rios<\/td><td>PAN<\/td><td>Jimenez\/Fallas<\/td><td>CRC<\/td><td>0<\/td><td>&#8211;<\/td><td>2<\/td><td>17<\/td><td>&#8211;<\/td><td>21<\/td><td>14<\/td><td>&#8211;<\/td><td>21<\/td><td><\/td><td><\/td><td><\/td><\/tr><tr><td>Vigil\/Medina<\/td><td>ESA<\/td><td>Resau\/Alvarado<\/td><td>NCA<\/td><td>0<\/td><td>&#8211;<\/td><td>2<\/td><td>11<\/td><td>&#8211;<\/td><td>21<\/td><td>21<\/td><td>&#8211;<\/td><td>18<\/td><td>9<\/td><td>&#8211;<\/td><td>15<\/td><\/tr><\/tbody><\/table><\/figure>\n\n\n\n<p><strong>RESULTADOS MASCULINOS<\/strong><\/p>\n\n\n\n<figure class=\"wp-block-table\"><table><tbody><tr><td>Gantes\/Rodriguez<\/td><td>PAN<\/td><td>Oporta\/Grant<\/td><td>CRC<\/td><td>0<\/td><td>&#8211;<\/td><td>2<\/td><td>13<\/td><td>&#8211;<\/td><td>21<\/td><td>9<\/td><td>&#8211;<\/td><td>21<\/td><\/tr><tr><td>Castro\/Cardoza<\/td><td>NCA<\/td><td>Menendez\/Sosa<\/td><td>GUA<\/td><td>0<\/td><td>&#8211;<\/td><td>2<\/td><td>15<\/td><td>&#8211;<\/td><td>21<\/td><td>14<\/td><td>&#8211;<\/td><td>21<\/td><\/tr><tr><td>Menendez\/Sosa<\/td><td>GUA<\/td><td>Gantes\/Rodriguez<\/td><td>PAN<\/td><td>2<\/td><td>&#8211;<\/td><td>0<\/td><td>24<\/td><td>&#8211;<\/td><td>22<\/td><td>21<\/td><td>&#8211;<\/td><td>18<\/td><\/tr><tr><td>Oporta\/Grant<\/td><td>CRC<\/td><td>Castro\/Cardoza<\/td><td>NCA<\/td><td>2<\/td><td>&#8211;<\/td><td>0<\/td><td>21<\/td><td>&#8211;<\/td><td>10<\/td><td>21<\/td><td>&#8211;<\/td><td>13<\/td><\/tr><\/tbody><\/table><\/figure>","protected":false},"excerpt":{"rendered":"<p>SAN JOSE, Costa Rica, November 25, 2023.-\u00a0The duo of Ella Resau and Yulimar Alvarado from Nicaragua and Stanley Grant and Cristian Oporta from Costa Rica are the Champions of the first edition of the Under-17 Central American Beach Volleyball Championship held at the Parque Metropolitano la Sabana in Costa Rica.<\/p>","protected":false},"author":5,"featured_media":12308,"comment_status":"open","ping_status":"open","sticky":false,"template":"","format":"standard","meta":{"_acf_changed":false,"footnotes":""},"categories":[8],"tags":[26,12,20],"class_list":["post-12307","post","type-post","status-publish","format-standard","has-post-thumbnail","hentry","category-beach","tag-afecavol","tag-beach-volleyball","tag-norceca"],"acf":[],"_links":{"self":[{"href":"https:\/\/norceca.info\/es\/wp-json\/wp\/v2\/posts\/12307","targetHints":{"allow":["GET"]}}],"collection":[{"href":"https:\/\/norceca.info\/es\/wp-json\/wp\/v2\/posts"}],"about":[{"href":"https:\/\/norceca.info\/es\/wp-json\/wp\/v2\/types\/post"}],"author":[{"embeddable":true,"href":"https:\/\/norceca.info\/es\/wp-json\/wp\/v2\/users\/5"}],"replies":[{"embeddable":true,"href":"https:\/\/norceca.info\/es\/wp-json\/wp\/v2\/comments?post=12307"}],"version-history":[{"count":1,"href":"https:\/\/norceca.info\/es\/wp-json\/wp\/v2\/posts\/12307\/revisions"}],"predecessor-version":[{"id":12310,"href":"https:\/\/norceca.info\/es\/wp-json\/wp\/v2\/posts\/12307\/revisions\/12310"}],"wp:featuredmedia":[{"embeddable":true,"href":"https:\/\/norceca.info\/es\/wp-json\/wp\/v2\/media\/12308"}],"wp:attachment":[{"href":"https:\/\/norceca.info\/es\/wp-json\/wp\/v2\/media?parent=12307"}],"wp:term":[{"taxonomy":"category","embeddable":true,"href":"https:\/\/norceca.info\/es\/wp-json\/wp\/v2\/categories?post=12307"},{"taxonomy":"post_tag","embeddable":true,"href":"https:\/\/norceca.info\/es\/wp-json\/wp\/v2\/tags?post=12307"}],"curies":[{"name":"wp","href":"https:\/\/api.w.org\/{rel}","templated":true}]}}