{"id":13784,"date":"2024-05-13T17:00:00","date_gmt":"2024-05-13T17:00:00","guid":{"rendered":"https:\/\/norceca.info\/?p=13784"},"modified":"2024-05-14T15:08:57","modified_gmt":"2024-05-14T15:08:57","slug":"coaches-affirm-their-teams-are-enthusiastic-for-the-boys-u19-norceca-title","status":"publish","type":"post","link":"https:\/\/norceca.info\/es\/coaches-affirm-their-teams-are-enthusiastic-for-the-boys-u19-norceca-title\/","title":{"rendered":"Entrenadores afirman sus equipos est\u00e1n con entusiasmo por el t\u00edtulo NORCECA Sub-19"},"content":{"rendered":"<p>PONCE, Puerto Rico, 13 de mayo de 2024.- Los entrenadores de los ocho equipos participantes en el Campeonato Continental NORCECA Sub-19 Masculino, indicaron que sus equipos llegan con entusiasmo por competir por el t\u00edtulo de NORCECA.<\/p>\n\n\n\n<p>El evento continental NORCECA, que se disputar\u00e1 en el Coliseo Salvador Dijols, es parte del proceso de clasificaci\u00f3n para el Campeonato Mundial Sub-19 Masculino 2025 de la FIVB.<\/p>\n\n\n\n<p>El campe\u00f3n NORCECA Sub-19 clasificar\u00e1 al Mundial y la FIVB confirmar\u00e1 m\u00e1s adelante el n\u00famero de plazas disponibles para nuestra Confederaci\u00f3n.<\/p>\n\n\n\n<p>El evento contar\u00e1 con transmisi\u00f3n en vivo por paga en www.r1live.com&nbsp;<a href=\"http:\/\/www.r1live.com\/?fbclid=IwZXh0bgNhZW0CMTAAAR3azHT6HVatLBehk7W2KCbwjdF7GDyY938AGFtcvr1Tsn3dx6SbF6SgY44_aem_AZvub8acOfY3-luQwytmtDmOBpbE-_w52ug5oOC_wAvyLpkJMH5B5dDrbp2HbdiwJMJ50lurpM0Q4H719J3_sChF\" target=\"_blank\" rel=\"noreferrer noopener\">www.r1live.com<\/a><\/p>\n\n\n\n<p><strong>Dan Ota, Entrenador de Canad\u00e1:<\/strong> \u201cNo hemos tenido ninguna preparaci\u00f3n con este equipo porque los atletas actualmente se encuentran jugando con sus clubs, ya casi se termina la temporada de clubes, as\u00ed que no hemos tenido la oportunidad de entrenar al equipo. Ser\u00e1 emocionante verlos juntos por primera vez en la pr\u00e1ctica de hoy, as\u00ed que no sabemos qu\u00e9 esperar y estoy ansioso de esta oportunidad de introducir a estos j\u00f3venes atletas al voleibol internacional\u201d.<\/p>\n\n\n\n<figure class=\"wp-block-image aligncenter size-large\"><img loading=\"lazy\" decoding=\"async\" width=\"1024\" height=\"683\" src=\"https:\/\/norceca.info\/wp-content\/uploads\/2024\/05\/Preliminary-Canada-Team5-1024x683.jpg\" alt=\"\" class=\"wp-image-13786\" srcset=\"https:\/\/norceca.info\/wp-content\/uploads\/2024\/05\/Preliminary-Canada-Team5-1024x683.jpg 1024w, https:\/\/norceca.info\/wp-content\/uploads\/2024\/05\/Preliminary-Canada-Team5-300x200.jpg 300w, https:\/\/norceca.info\/wp-content\/uploads\/2024\/05\/Preliminary-Canada-Team5-768x512.jpg 768w, https:\/\/norceca.info\/wp-content\/uploads\/2024\/05\/Preliminary-Canada-Team5-1536x1024.jpg 1536w, https:\/\/norceca.info\/wp-content\/uploads\/2024\/05\/Preliminary-Canada-Team5-2048x1365.jpg 2048w, https:\/\/norceca.info\/wp-content\/uploads\/2024\/05\/Preliminary-Canada-Team5-18x12.jpg 18w\" sizes=\"auto, (max-width: 1024px) 100vw, 1024px\" \/><figcaption class=\"wp-element-caption\">Canad\u00e1,<\/figcaption><\/figure>\n\n\n\n<p><strong>Robertocarlo Arg\u00fcello Quesada, Entrenador de Costa Rica: <\/strong>\u201cHemos tenido un proceso de entrenamientos de seis meses para conformar el equipo. El grupo tiene clara la idea del trabajo que hay que hacer en la cancha, tienen ganas y entusiasmo por competir. Venimos bien, con chicos con talento y biotipo necesario para disputar un NORCECA, podremos darles pelea a todos nuestros rivales\u201d.<\/p>\n\n\n\n<figure class=\"wp-block-image aligncenter size-large\"><img loading=\"lazy\" decoding=\"async\" width=\"1024\" height=\"683\" src=\"https:\/\/norceca.info\/wp-content\/uploads\/2024\/05\/Preliminary-Costa-Rica-Team6-1024x683.jpg\" alt=\"\" class=\"wp-image-13805\" srcset=\"https:\/\/norceca.info\/wp-content\/uploads\/2024\/05\/Preliminary-Costa-Rica-Team6-1024x683.jpg 1024w, https:\/\/norceca.info\/wp-content\/uploads\/2024\/05\/Preliminary-Costa-Rica-Team6-300x200.jpg 300w, https:\/\/norceca.info\/wp-content\/uploads\/2024\/05\/Preliminary-Costa-Rica-Team6-768x512.jpg 768w, https:\/\/norceca.info\/wp-content\/uploads\/2024\/05\/Preliminary-Costa-Rica-Team6-1536x1024.jpg 1536w, https:\/\/norceca.info\/wp-content\/uploads\/2024\/05\/Preliminary-Costa-Rica-Team6-2048x1365.jpg 2048w, https:\/\/norceca.info\/wp-content\/uploads\/2024\/05\/Preliminary-Costa-Rica-Team6-18x12.jpg 18w\" sizes=\"auto, (max-width: 1024px) 100vw, 1024px\" \/><figcaption class=\"wp-element-caption\">Costa Rica<\/figcaption><\/figure>\n\n\n\n<p><strong>Lian Sem Estrada, &nbsp;Head Coach of Cuba:<\/strong> \u201cBuscamos mantener la supremac\u00eda de Cuba en nuestra zona y poder clasificar al Campeonato Mundial. La intenci\u00f3n es no presionar al equipo, pero vamos a luchar por los boletos que estar\u00e1n disponibles para la NORCECA en el Mundial. Este equipo es la base del U17 que compiti\u00f3 en M\u00e9xico el a\u00f1o pasado, es un grupo joven, con todas la garra y ansias de hacer las cosas bien\u201d.<\/p>\n\n\n\n<figure class=\"wp-block-image aligncenter size-large\"><img loading=\"lazy\" decoding=\"async\" width=\"1024\" height=\"768\" src=\"https:\/\/norceca.info\/wp-content\/uploads\/2024\/05\/Cuba2-1024x768.jpg\" alt=\"\" class=\"wp-image-13787\" srcset=\"https:\/\/norceca.info\/wp-content\/uploads\/2024\/05\/Cuba2-1024x768.jpg 1024w, https:\/\/norceca.info\/wp-content\/uploads\/2024\/05\/Cuba2-300x225.jpg 300w, https:\/\/norceca.info\/wp-content\/uploads\/2024\/05\/Cuba2-768x576.jpg 768w, https:\/\/norceca.info\/wp-content\/uploads\/2024\/05\/Cuba2-1536x1152.jpg 1536w, https:\/\/norceca.info\/wp-content\/uploads\/2024\/05\/Cuba2-16x12.jpg 16w, https:\/\/norceca.info\/wp-content\/uploads\/2024\/05\/Cuba2.jpg 1600w\" sizes=\"auto, (max-width: 1024px) 100vw, 1024px\" \/><figcaption class=\"wp-element-caption\">Cuba<\/figcaption><\/figure>\n\n\n\n<p><strong>Francisco Jos\u00e9 Lerebours, Entrenador Rep\u00fablica Dominicana:<\/strong> \u201cEste es un nuevo reto para m\u00ed, es la primera vez que soy entrenador principal y estoy listo para asumir el compromiso. El equipo tiene mucho tiempo prepar\u00e1ndose, hay algunos que tienen experiencia del NORCECA Sub-17 y todo el equipo tiene la capacidad, proyecci\u00f3n y visi\u00f3n para hacer las cosas bien. Este es un proceso de jugadores j\u00f3venes en desarrollo, pero nos propusimos en conjunto metas, buscando una buena participaci\u00f3n y terminar en un buen lugar\u201d.<\/p>\n\n\n\n<figure class=\"wp-block-image aligncenter size-large\"><img loading=\"lazy\" decoding=\"async\" width=\"1024\" height=\"683\" src=\"https:\/\/norceca.info\/wp-content\/uploads\/2024\/05\/Preliminary-Rep-Dom-Team3-1024x683.jpg\" alt=\"\" class=\"wp-image-13807\" srcset=\"https:\/\/norceca.info\/wp-content\/uploads\/2024\/05\/Preliminary-Rep-Dom-Team3-1024x683.jpg 1024w, https:\/\/norceca.info\/wp-content\/uploads\/2024\/05\/Preliminary-Rep-Dom-Team3-300x200.jpg 300w, https:\/\/norceca.info\/wp-content\/uploads\/2024\/05\/Preliminary-Rep-Dom-Team3-768x512.jpg 768w, https:\/\/norceca.info\/wp-content\/uploads\/2024\/05\/Preliminary-Rep-Dom-Team3-1536x1024.jpg 1536w, https:\/\/norceca.info\/wp-content\/uploads\/2024\/05\/Preliminary-Rep-Dom-Team3-2048x1365.jpg 2048w, https:\/\/norceca.info\/wp-content\/uploads\/2024\/05\/Preliminary-Rep-Dom-Team3-18x12.jpg 18w\" sizes=\"auto, (max-width: 1024px) 100vw, 1024px\" \/><figcaption class=\"wp-element-caption\">Rep\u00fablica Dominicana<\/figcaption><\/figure>\n\n\n\n<p><strong>Luis Fernando Casta\u00f1eda, Entrenador de Guatemala:<\/strong> \u201cNos hemos estado preparando fuerte para el torneo desde hace un par de meses que se confirm\u00f3 nuestra participaci\u00f3n. Estamos esperando la confirmaci\u00f3n de que se incorporen algunos atletas al equipo por el tr\u00e1mite de visa americana. Seis atletas del equipo son de la categor\u00eda Sub-17 y buscamos dar un buen desempe\u00f1o\u201d.<\/p>\n\n\n\n<figure class=\"wp-block-image aligncenter size-large\"><img loading=\"lazy\" decoding=\"async\" width=\"1024\" height=\"683\" src=\"https:\/\/norceca.info\/wp-content\/uploads\/2024\/05\/Preliminary-Guatemala4-1024x683.jpg\" alt=\"\" class=\"wp-image-13808\" srcset=\"https:\/\/norceca.info\/wp-content\/uploads\/2024\/05\/Preliminary-Guatemala4-1024x683.jpg 1024w, https:\/\/norceca.info\/wp-content\/uploads\/2024\/05\/Preliminary-Guatemala4-300x200.jpg 300w, https:\/\/norceca.info\/wp-content\/uploads\/2024\/05\/Preliminary-Guatemala4-768x512.jpg 768w, https:\/\/norceca.info\/wp-content\/uploads\/2024\/05\/Preliminary-Guatemala4-1536x1024.jpg 1536w, https:\/\/norceca.info\/wp-content\/uploads\/2024\/05\/Preliminary-Guatemala4-2048x1365.jpg 2048w, https:\/\/norceca.info\/wp-content\/uploads\/2024\/05\/Preliminary-Guatemala4-18x12.jpg 18w\" sizes=\"auto, (max-width: 1024px) 100vw, 1024px\" \/><figcaption class=\"wp-element-caption\">Guatemala<\/figcaption><\/figure>\n\n\n\n<p><strong>Carlos De Sevilla R\u00edos, Entrenador de Puerto Rico:<\/strong> \u201cPor estar en nuestra patria hay un poco m\u00e1s de presi\u00f3n, pero el grupo es el que qued\u00f3 campe\u00f3n en M\u00e9xico en el NORCECA Sub-17, con la adici\u00f3n de un jugador Sub-19 y dos Sub-17 que no viajaron a M\u00e9xico, as\u00ed que ese evento ayud\u00f3 al equipo a soportar mucha presi\u00f3n. Participar en este campeonato con el equipo Sub-17 que va a competir en junio en M\u00e9xico y en el Campeonato Mundial de la FIVB en Bulgaria en agosto, es una decisi\u00f3n estrat\u00e9gica para competir y en preparaci\u00f3n para esos torneos. Estoy contento de que los muchachos est\u00e1n trabajando un programa de 23 semanas en preparaci\u00f3n para un mundial, eso nos motiva. Estoy muy orgulloso del equipo y la expectativa es terminar entre las primeras tres posiciones, a pesar de enfrentarnos a equipos con jugadores de mayor edad, pero somos bien batalladores\u201d.<\/p>\n\n\n\n<figure class=\"wp-block-image aligncenter size-large\"><img loading=\"lazy\" decoding=\"async\" width=\"1024\" height=\"683\" src=\"https:\/\/norceca.info\/wp-content\/uploads\/2024\/05\/Preliminary-PUR-team-Sub19-6-1024x683.jpg\" alt=\"\" class=\"wp-image-13810\" srcset=\"https:\/\/norceca.info\/wp-content\/uploads\/2024\/05\/Preliminary-PUR-team-Sub19-6-1024x683.jpg 1024w, https:\/\/norceca.info\/wp-content\/uploads\/2024\/05\/Preliminary-PUR-team-Sub19-6-300x200.jpg 300w, https:\/\/norceca.info\/wp-content\/uploads\/2024\/05\/Preliminary-PUR-team-Sub19-6-768x512.jpg 768w, https:\/\/norceca.info\/wp-content\/uploads\/2024\/05\/Preliminary-PUR-team-Sub19-6-1536x1024.jpg 1536w, https:\/\/norceca.info\/wp-content\/uploads\/2024\/05\/Preliminary-PUR-team-Sub19-6-2048x1365.jpg 2048w, https:\/\/norceca.info\/wp-content\/uploads\/2024\/05\/Preliminary-PUR-team-Sub19-6-18x12.jpg 18w\" sizes=\"auto, (max-width: 1024px) 100vw, 1024px\" \/><figcaption class=\"wp-element-caption\">Puerto Rico<\/figcaption><\/figure>\n\n\n\n<p><strong>Furjil Ong-A-Fat, Entrenador de Surinam:<\/strong> \u201cEl equipo est\u00e1 bien preparado, empezamos a entrenar a finales de enero, as\u00ed que pienso que los chicos est\u00e1n listos para mostrar en la cancha lo que hemos venido haciendo desde entonces hasta ahora. Cinco jugadores vienen del equipo Sub-17 que compiti\u00f3 en M\u00e9xico y traen alguna experiencia. Estamos emocionados de darlo todo en el cancha\u201d.<\/p>\n\n\n\n<figure class=\"wp-block-image aligncenter size-large\"><img loading=\"lazy\" decoding=\"async\" width=\"1024\" height=\"683\" src=\"https:\/\/norceca.info\/wp-content\/uploads\/2024\/05\/Preliminary-Suriname-Team-Volleyball-4-1024x683.jpg\" alt=\"\" class=\"wp-image-13812\" srcset=\"https:\/\/norceca.info\/wp-content\/uploads\/2024\/05\/Preliminary-Suriname-Team-Volleyball-4-1024x683.jpg 1024w, https:\/\/norceca.info\/wp-content\/uploads\/2024\/05\/Preliminary-Suriname-Team-Volleyball-4-300x200.jpg 300w, https:\/\/norceca.info\/wp-content\/uploads\/2024\/05\/Preliminary-Suriname-Team-Volleyball-4-768x512.jpg 768w, https:\/\/norceca.info\/wp-content\/uploads\/2024\/05\/Preliminary-Suriname-Team-Volleyball-4-1536x1024.jpg 1536w, https:\/\/norceca.info\/wp-content\/uploads\/2024\/05\/Preliminary-Suriname-Team-Volleyball-4-2048x1365.jpg 2048w, https:\/\/norceca.info\/wp-content\/uploads\/2024\/05\/Preliminary-Suriname-Team-Volleyball-4-18x12.jpg 18w\" sizes=\"auto, (max-width: 1024px) 100vw, 1024px\" \/><figcaption class=\"wp-element-caption\">Suriname<\/figcaption><\/figure>\n\n\n\n<p><strong>Charles Sullivan, Entrenador de Estados Unidos:<\/strong>\u201cEs un gran grupo de chicos que se prepararon muy bien, trabajaron realmente duro. Como es habitual en este tipo de competencias, para un grupo que viene por primera vez, es un poco diferente a lo que jugamos en Estados Unidos, as\u00ed que va a ser una gran curva de aprendizaje para atravesar, as\u00ed que espero que los impulsemos r\u00e1pidamente y que entiendan r\u00e1pido y hagan un buen trabajo aqu\u00ed\u201d.<\/p>\n\n\n\n<figure class=\"wp-block-image aligncenter size-large\"><img loading=\"lazy\" decoding=\"async\" width=\"1024\" height=\"683\" src=\"https:\/\/norceca.info\/wp-content\/uploads\/2024\/05\/Preliminary-USA-Team-Sub-19-8-1024x683.jpg\" alt=\"\" class=\"wp-image-13813\" srcset=\"https:\/\/norceca.info\/wp-content\/uploads\/2024\/05\/Preliminary-USA-Team-Sub-19-8-1024x683.jpg 1024w, https:\/\/norceca.info\/wp-content\/uploads\/2024\/05\/Preliminary-USA-Team-Sub-19-8-300x200.jpg 300w, https:\/\/norceca.info\/wp-content\/uploads\/2024\/05\/Preliminary-USA-Team-Sub-19-8-768x512.jpg 768w, https:\/\/norceca.info\/wp-content\/uploads\/2024\/05\/Preliminary-USA-Team-Sub-19-8-1536x1024.jpg 1536w, https:\/\/norceca.info\/wp-content\/uploads\/2024\/05\/Preliminary-USA-Team-Sub-19-8-2048x1365.jpg 2048w, https:\/\/norceca.info\/wp-content\/uploads\/2024\/05\/Preliminary-USA-Team-Sub-19-8-18x12.jpg 18w\" sizes=\"auto, (max-width: 1024px) 100vw, 1024px\" \/><figcaption class=\"wp-element-caption\">Estados Unidos<\/figcaption><\/figure>","protected":false},"excerpt":{"rendered":"<p>PONCE, Puerto Rico, 13 de mayo de 2024.-\u00a0Head coaches of the eight participating teams in the Boys\u2019 U19 NORCECA Continental Championship, indicated that their teams are enthusiastic to compete for the NORCECA title.<\/p>","protected":false},"author":5,"featured_media":13785,"comment_status":"open","ping_status":"open","sticky":false,"template":"","format":"standard","meta":{"_acf_changed":false,"footnotes":""},"categories":[7],"tags":[202,20,11],"class_list":["post-13784","post","type-post","status-publish","format-standard","has-post-thumbnail","hentry","category-volleyball","tag-2024-boys-u19-norceca","tag-norceca","tag-volleyball"],"acf":[],"_links":{"self":[{"href":"https:\/\/norceca.info\/es\/wp-json\/wp\/v2\/posts\/13784","targetHints":{"allow":["GET"]}}],"collection":[{"href":"https:\/\/norceca.info\/es\/wp-json\/wp\/v2\/posts"}],"about":[{"href":"https:\/\/norceca.info\/es\/wp-json\/wp\/v2\/types\/post"}],"author":[{"embeddable":true,"href":"https:\/\/norceca.info\/es\/wp-json\/wp\/v2\/users\/5"}],"replies":[{"embeddable":true,"href":"https:\/\/norceca.info\/es\/wp-json\/wp\/v2\/comments?post=13784"}],"version-history":[{"count":3,"href":"https:\/\/norceca.info\/es\/wp-json\/wp\/v2\/posts\/13784\/revisions"}],"predecessor-version":[{"id":13814,"href":"https:\/\/norceca.info\/es\/wp-json\/wp\/v2\/posts\/13784\/revisions\/13814"}],"wp:featuredmedia":[{"embeddable":true,"href":"https:\/\/norceca.info\/es\/wp-json\/wp\/v2\/media\/13785"}],"wp:attachment":[{"href":"https:\/\/norceca.info\/es\/wp-json\/wp\/v2\/media?parent=13784"}],"wp:term":[{"taxonomy":"category","embeddable":true,"href":"https:\/\/norceca.info\/es\/wp-json\/wp\/v2\/categories?post=13784"},{"taxonomy":"post_tag","embeddable":true,"href":"https:\/\/norceca.info\/es\/wp-json\/wp\/v2\/tags?post=13784"}],"curies":[{"name":"wp","href":"https:\/\/api.w.org\/{rel}","templated":true}]}}