{"id":14685,"date":"2024-06-10T16:15:00","date_gmt":"2024-06-10T16:15:00","guid":{"rendered":"https:\/\/norceca.info\/?p=14685"},"modified":"2024-06-10T22:36:06","modified_gmt":"2024-06-10T22:36:06","slug":"eight-teams-to-compete-for-the-norceca-mens-u21-title","status":"publish","type":"post","link":"https:\/\/norceca.info\/es\/eight-teams-to-compete-for-the-norceca-mens-u21-title\/","title":{"rendered":"Ocho Equipos van por el t\u00edtulo NORCECA Sub-21 Masculino"},"content":{"rendered":"<p>NOGALES, M\u00e9xico, 10 de junio de 2024.- Ocho equipos est\u00e1n preparados para competir por el t\u00edtulo del Campeonato Continental NORCECA Sub-21 Masculino que inicia el martes 11 de junio en la Ciudad de Nogales, M\u00e9xico.<\/p>\n\n\n\n<p>Los directores t\u00e9cnicos expresaron sus expectativas previo al evento que forma parte del sistema de clasificaci\u00f3n al Campeonato Mundial Sub-21 de la FIVB en 2025.<\/p>\n\n\n\n<p>El comit\u00e9 organizador confirm\u00f3 que el evento ser\u00e1 transmitido a trav\u00e9s de Facebook Live &nbsp;<a href=\"https:\/\/www.facebook.com\/voleibolFMVB\" target=\"_blank\" rel=\"noreferrer noopener\">Federaci\u00f3n Mexicana de Voleibol, A.C.<\/a><\/p>\n\n\n\n<p><strong>Daniel Lewis, Entrenador de Canad\u00e1:\u00a0<\/strong>\u201cEl equipo est\u00e1 formado por jugadores de primer a\u00f1o universitario, por lo que tienen algo de buena experiencia, pero no internacionalmente. Tuvimos cinco semanas para prepararnos, y not\u00e9 que nuestro equipo empez\u00f3 a cohesionarse bien, as\u00ed que espero que estemos bien. Al principio de los torneos, no sabemos mucho sobre los otros equipos, lo que hace dif\u00edcil prepararse para enfrentarlos y tienes que centrarte m\u00e1s en ti mismo, en tu propio equipo. A medida que avance el torneo, esperamos crecer como equipo tambi\u00e9n, ese es sin duda nuestro objetivo. Vamos juego a juego y tratamos de no subestimar ni sobreestimar a nadie, solo asegurarnos de que nuestro nivel est\u00e9 siempre presente\u201d.<\/p>\n\n\n\n<figure class=\"wp-block-image aligncenter size-large\"><img loading=\"lazy\" decoding=\"async\" width=\"1024\" height=\"684\" src=\"https:\/\/norceca.info\/wp-content\/uploads\/2024\/06\/Canada-1-1024x684.jpg\" alt=\"\" class=\"wp-image-14687\" srcset=\"https:\/\/norceca.info\/wp-content\/uploads\/2024\/06\/Canada-1-1024x684.jpg 1024w, https:\/\/norceca.info\/wp-content\/uploads\/2024\/06\/Canada-1-300x200.jpg 300w, https:\/\/norceca.info\/wp-content\/uploads\/2024\/06\/Canada-1-768x513.jpg 768w, https:\/\/norceca.info\/wp-content\/uploads\/2024\/06\/Canada-1-1536x1025.jpg 1536w, https:\/\/norceca.info\/wp-content\/uploads\/2024\/06\/Canada-1-18x12.jpg 18w, https:\/\/norceca.info\/wp-content\/uploads\/2024\/06\/Canada-1.jpg 2048w\" sizes=\"auto, (max-width: 1024px) 100vw, 1024px\" \/><figcaption class=\"wp-element-caption\">Canad\u00e1,<\/figcaption><\/figure>\n\n\n\n<p><strong>Lian Sem Estrada, Entrenador de Cuba:\u00a0<\/strong>\u201cEste es un equipo totalmente nuevo. La preparaci\u00f3n estuvo bien, hubo algunas dificultades porque coincidi\u00f3 con la preparaci\u00f3n del equipo Sub-19. Sabemos que son jugadores con poca experiencia, pero defenderemos nuestra condici\u00f3n de campeones. Venimos con las mismas ansias y deseos, ganar el boleto al mundial\u201d.<\/p>\n\n\n\n<figure class=\"wp-block-image aligncenter size-large\"><img loading=\"lazy\" decoding=\"async\" width=\"1024\" height=\"684\" src=\"https:\/\/norceca.info\/wp-content\/uploads\/2024\/06\/Cuba-1-1024x684.jpg\" alt=\"\" class=\"wp-image-14688\" srcset=\"https:\/\/norceca.info\/wp-content\/uploads\/2024\/06\/Cuba-1-1024x684.jpg 1024w, https:\/\/norceca.info\/wp-content\/uploads\/2024\/06\/Cuba-1-300x200.jpg 300w, https:\/\/norceca.info\/wp-content\/uploads\/2024\/06\/Cuba-1-768x513.jpg 768w, https:\/\/norceca.info\/wp-content\/uploads\/2024\/06\/Cuba-1-1536x1025.jpg 1536w, https:\/\/norceca.info\/wp-content\/uploads\/2024\/06\/Cuba-1-18x12.jpg 18w, https:\/\/norceca.info\/wp-content\/uploads\/2024\/06\/Cuba-1.jpg 2048w\" sizes=\"auto, (max-width: 1024px) 100vw, 1024px\" \/><figcaption class=\"wp-element-caption\">Cuba<\/figcaption><\/figure>\n\n\n\n<p><strong>Luis Fernando Casta\u00f1eda, Entrenador de Guatemala:\u00a0<\/strong>\u201cVengo con un equipo joven. Hemos trabajado fuerte, el nivel de competencia ser\u00e1 alto y para nosotros es bueno seguir compitiendo para la preparaci\u00f3n de m\u00e1s eventos. Tenemos un par de muchachos con experiencia, pero en general es un grupo joven. Esperamos que los jugadores se desarrollen y conforme pasen los juegos, evolucionen. Jugaremos lo mejor posible y mejorar en el ranking\u201d.<\/p>\n\n\n\n<figure class=\"wp-block-image aligncenter size-large\"><img loading=\"lazy\" decoding=\"async\" width=\"1024\" height=\"684\" src=\"https:\/\/norceca.info\/wp-content\/uploads\/2024\/06\/Guatemala-1-1024x684.jpg\" alt=\"\" class=\"wp-image-14689\" srcset=\"https:\/\/norceca.info\/wp-content\/uploads\/2024\/06\/Guatemala-1-1024x684.jpg 1024w, https:\/\/norceca.info\/wp-content\/uploads\/2024\/06\/Guatemala-1-300x200.jpg 300w, https:\/\/norceca.info\/wp-content\/uploads\/2024\/06\/Guatemala-1-768x513.jpg 768w, https:\/\/norceca.info\/wp-content\/uploads\/2024\/06\/Guatemala-1-1536x1025.jpg 1536w, https:\/\/norceca.info\/wp-content\/uploads\/2024\/06\/Guatemala-1-18x12.jpg 18w, https:\/\/norceca.info\/wp-content\/uploads\/2024\/06\/Guatemala-1.jpg 2048w\" sizes=\"auto, (max-width: 1024px) 100vw, 1024px\" \/><figcaption class=\"wp-element-caption\">Guatemala<\/figcaption><\/figure>\n\n\n\n<p><strong>Jorge Alberto Romero, Entrenador de M\u00e9xico:\u00a0<\/strong>\u201cDesde el a\u00f1o pasado que estoy dirigiendo al equipo, quedamos segundo lugar en la Copa Panamericana Sub-21 que se jug\u00f3 en Cuba y tambi\u00e9n estuvimos juntos en el Mundial de Bahrain. El equipo est\u00e1 fuerte, tenemos posibilidades de estar en el medallero y el objetivo es clasificar al mundial, pero sabemos que tendremos muy buenos rivales a vencer\u201d.<\/p>\n\n\n\n<figure class=\"wp-block-image aligncenter size-large\"><img loading=\"lazy\" decoding=\"async\" width=\"1024\" height=\"684\" src=\"https:\/\/norceca.info\/wp-content\/uploads\/2024\/06\/Mexico-2-1024x684.jpg\" alt=\"\" class=\"wp-image-14690\" srcset=\"https:\/\/norceca.info\/wp-content\/uploads\/2024\/06\/Mexico-2-1024x684.jpg 1024w, https:\/\/norceca.info\/wp-content\/uploads\/2024\/06\/Mexico-2-300x200.jpg 300w, https:\/\/norceca.info\/wp-content\/uploads\/2024\/06\/Mexico-2-768x513.jpg 768w, https:\/\/norceca.info\/wp-content\/uploads\/2024\/06\/Mexico-2-1536x1025.jpg 1536w, https:\/\/norceca.info\/wp-content\/uploads\/2024\/06\/Mexico-2-18x12.jpg 18w, https:\/\/norceca.info\/wp-content\/uploads\/2024\/06\/Mexico-2.jpg 2048w\" sizes=\"auto, (max-width: 1024px) 100vw, 1024px\" \/><figcaption class=\"wp-element-caption\">M\u00e9xico,<\/figcaption><\/figure>\n\n\n\n<p><strong>Jorge Mena, Entrenador de Nicaragua:\u00a0<\/strong>\u201cEsta versi\u00f3n del equipo est\u00e1 un poco mejor. Los muchachos est\u00e1n bien preparados, algunos tienen bastante experiencia (5 o 6 estuvieron en el evento Sub-21 de Cuba el a\u00f1o pasado), el 80% del equipo es el subcampe\u00f3n de Centroam\u00e9rica. Queremos hacer un buen papel, que los jugadores tengan tiempo de juego contra equipos de alto nivel y considero que tenemos posibilidad de avanzar a cuartos de final\u201d.<\/p>\n\n\n\n<figure class=\"wp-block-image aligncenter size-large\"><img loading=\"lazy\" decoding=\"async\" width=\"1024\" height=\"684\" src=\"https:\/\/norceca.info\/wp-content\/uploads\/2024\/06\/Nicaragua-1-1024x684.jpg\" alt=\"\" class=\"wp-image-14691\" srcset=\"https:\/\/norceca.info\/wp-content\/uploads\/2024\/06\/Nicaragua-1-1024x684.jpg 1024w, https:\/\/norceca.info\/wp-content\/uploads\/2024\/06\/Nicaragua-1-300x200.jpg 300w, https:\/\/norceca.info\/wp-content\/uploads\/2024\/06\/Nicaragua-1-768x513.jpg 768w, https:\/\/norceca.info\/wp-content\/uploads\/2024\/06\/Nicaragua-1-1536x1025.jpg 1536w, https:\/\/norceca.info\/wp-content\/uploads\/2024\/06\/Nicaragua-1-18x12.jpg 18w, https:\/\/norceca.info\/wp-content\/uploads\/2024\/06\/Nicaragua-1.jpg 2048w\" sizes=\"auto, (max-width: 1024px) 100vw, 1024px\" \/><figcaption class=\"wp-element-caption\">Nicaragua<\/figcaption><\/figure>\n\n\n\n<p><strong>Gerardo De Jes\u00fas S\u00e1nchez, Entrenador de Puerto Rico:\u00a0<\/strong>\u201cVenimos con equipo balanceado, tengo jugadores que ya tienen experiencia internacional, algunos compitieron en el mundial Sub-19 el a\u00f1o pasado en Argentina, otros se est\u00e1n integrando al grupo y otros cambiando de posici\u00f3n. Hemos trabajado durante mes y medio y estamos bastante bien\u201d.<\/p>\n\n\n\n<figure class=\"wp-block-image aligncenter size-large\"><img loading=\"lazy\" decoding=\"async\" width=\"1024\" height=\"684\" src=\"https:\/\/norceca.info\/wp-content\/uploads\/2024\/06\/Puerto-Rico-1024x684.jpg\" alt=\"\" class=\"wp-image-14692\" srcset=\"https:\/\/norceca.info\/wp-content\/uploads\/2024\/06\/Puerto-Rico-1024x684.jpg 1024w, https:\/\/norceca.info\/wp-content\/uploads\/2024\/06\/Puerto-Rico-300x200.jpg 300w, https:\/\/norceca.info\/wp-content\/uploads\/2024\/06\/Puerto-Rico-768x513.jpg 768w, https:\/\/norceca.info\/wp-content\/uploads\/2024\/06\/Puerto-Rico-1536x1025.jpg 1536w, https:\/\/norceca.info\/wp-content\/uploads\/2024\/06\/Puerto-Rico-18x12.jpg 18w, https:\/\/norceca.info\/wp-content\/uploads\/2024\/06\/Puerto-Rico.jpg 2048w\" sizes=\"auto, (max-width: 1024px) 100vw, 1024px\" \/><figcaption class=\"wp-element-caption\">Puerto Rico<\/figcaption><\/figure>\n\n\n\n<p><strong>Lionel Blokland, Delegado de Surinam:\u00a0<\/strong>\u201cNuestra preparaci\u00f3n est\u00e1 bien. El esp\u00edritu del equipo es alto porque queremos mostrarle al mundo que Surinam no es un pa\u00eds que se puede descartar; estamos aqu\u00ed para quedarnos. Surinam est\u00e1 luchando por mejorar cada a\u00f1o, as\u00ed que los otros equipos deben tener cuidado porque, lenta pero seguramente, estamos ascendiendo. Ese es nuestro principal enfoque en este momento\u201d.<\/p>\n\n\n\n<figure class=\"wp-block-image aligncenter size-large\"><img loading=\"lazy\" decoding=\"async\" width=\"1024\" height=\"684\" src=\"https:\/\/norceca.info\/wp-content\/uploads\/2024\/06\/Suriname-1-1024x684.jpg\" alt=\"\" class=\"wp-image-14693\" srcset=\"https:\/\/norceca.info\/wp-content\/uploads\/2024\/06\/Suriname-1-1024x684.jpg 1024w, https:\/\/norceca.info\/wp-content\/uploads\/2024\/06\/Suriname-1-300x200.jpg 300w, https:\/\/norceca.info\/wp-content\/uploads\/2024\/06\/Suriname-1-768x513.jpg 768w, https:\/\/norceca.info\/wp-content\/uploads\/2024\/06\/Suriname-1-1536x1025.jpg 1536w, https:\/\/norceca.info\/wp-content\/uploads\/2024\/06\/Suriname-1-18x12.jpg 18w, https:\/\/norceca.info\/wp-content\/uploads\/2024\/06\/Suriname-1.jpg 2048w\" sizes=\"auto, (max-width: 1024px) 100vw, 1024px\" \/><figcaption class=\"wp-element-caption\">Suriname<\/figcaption><\/figure>\n\n\n\n<p><strong>John Hawks, Entrenador de Estados Unidos:\u00a0<\/strong>\u201cEstamos muy emocionados de estar aqu\u00ed y representar a nuestro pa\u00eds en este torneo. Tenemos una combinaci\u00f3n de jugadores nuevos, pero contamos con un n\u00facleo central que compiti\u00f3 en el Campeonato Mundial el verano pasado. Espero que compitamos con fuerza y juguemos por la medalla de oro\u201d.<\/p>\n\n\n\n<figure class=\"wp-block-image aligncenter size-large\"><img loading=\"lazy\" decoding=\"async\" width=\"1024\" height=\"684\" src=\"https:\/\/norceca.info\/wp-content\/uploads\/2024\/06\/USA-1024x684.jpg\" alt=\"\" class=\"wp-image-14694\" srcset=\"https:\/\/norceca.info\/wp-content\/uploads\/2024\/06\/USA-1024x684.jpg 1024w, https:\/\/norceca.info\/wp-content\/uploads\/2024\/06\/USA-300x200.jpg 300w, https:\/\/norceca.info\/wp-content\/uploads\/2024\/06\/USA-768x513.jpg 768w, https:\/\/norceca.info\/wp-content\/uploads\/2024\/06\/USA-1536x1025.jpg 1536w, https:\/\/norceca.info\/wp-content\/uploads\/2024\/06\/USA-18x12.jpg 18w, https:\/\/norceca.info\/wp-content\/uploads\/2024\/06\/USA.jpg 2048w\" sizes=\"auto, (max-width: 1024px) 100vw, 1024px\" \/><figcaption class=\"wp-element-caption\">United State<\/figcaption><\/figure>","protected":false},"excerpt":{"rendered":"<p>NOGALES, Mexico, June 10, 2024.- \u00a0Eight teams are ready to compete for the NORCECA Men\u2019s U21 Continental Championship title, which kicks off on Tuesday, June 11, in Nogales, Mexico.<\/p>","protected":false},"author":5,"featured_media":14686,"comment_status":"open","ping_status":"open","sticky":false,"template":"","format":"standard","meta":{"_acf_changed":false,"footnotes":""},"categories":[7],"tags":[211,20,11],"class_list":["post-14685","post","type-post","status-publish","format-standard","has-post-thumbnail","hentry","category-volleyball","tag-2024-u-21-men-norceca-continental-championship","tag-norceca","tag-volleyball"],"acf":[],"_links":{"self":[{"href":"https:\/\/norceca.info\/es\/wp-json\/wp\/v2\/posts\/14685","targetHints":{"allow":["GET"]}}],"collection":[{"href":"https:\/\/norceca.info\/es\/wp-json\/wp\/v2\/posts"}],"about":[{"href":"https:\/\/norceca.info\/es\/wp-json\/wp\/v2\/types\/post"}],"author":[{"embeddable":true,"href":"https:\/\/norceca.info\/es\/wp-json\/wp\/v2\/users\/5"}],"replies":[{"embeddable":true,"href":"https:\/\/norceca.info\/es\/wp-json\/wp\/v2\/comments?post=14685"}],"version-history":[{"count":1,"href":"https:\/\/norceca.info\/es\/wp-json\/wp\/v2\/posts\/14685\/revisions"}],"predecessor-version":[{"id":14695,"href":"https:\/\/norceca.info\/es\/wp-json\/wp\/v2\/posts\/14685\/revisions\/14695"}],"wp:featuredmedia":[{"embeddable":true,"href":"https:\/\/norceca.info\/es\/wp-json\/wp\/v2\/media\/14686"}],"wp:attachment":[{"href":"https:\/\/norceca.info\/es\/wp-json\/wp\/v2\/media?parent=14685"}],"wp:term":[{"taxonomy":"category","embeddable":true,"href":"https:\/\/norceca.info\/es\/wp-json\/wp\/v2\/categories?post=14685"},{"taxonomy":"post_tag","embeddable":true,"href":"https:\/\/norceca.info\/es\/wp-json\/wp\/v2\/tags?post=14685"}],"curies":[{"name":"wp","href":"https:\/\/api.w.org\/{rel}","templated":true}]}}