{"id":15534,"date":"2024-06-26T19:15:00","date_gmt":"2024-06-26T19:15:00","guid":{"rendered":"https:\/\/norceca.info\/?p=15534"},"modified":"2024-06-27T02:18:21","modified_gmt":"2024-06-27T02:18:21","slug":"costa-rica-returns-to-victory-after-defeating-el-salvador","status":"publish","type":"post","link":"https:\/\/norceca.info\/es\/costa-rica-returns-to-victory-after-defeating-el-salvador\/","title":{"rendered":"Costa Rica regresa a la victoria, tras derrotar a El Salvador"},"content":{"rendered":"<p>Tegucigalpa, Honduras. 26 junio de 2024. La Selecci\u00f3n de Costa Rica regres\u00f3 a la victoria, tras derrotar a El Salvador 3 sets a 0 (25-14, 25-15 y 25-22), en el segundo juego de la cuarta jornada del VI Campeonato Centroamericano Femenino Sub-23, que se realiza en el Gimnasio Jorge Galeano en Tegucigalpa.<\/p>\n\n\n\n<p>Luego de la dolorosa derrota de ayer frente a Belice, Costa Rica regresa a la senda de la victoria y contin\u00faa en la pelea por la primera posici\u00f3n del torneo, Ahora las ticas tienen foja de 2 victorias y 1 derrota. Por su parte, El Salvador sufre su cuarta derrota consecutiva qued\u00e1ndo con r\u00e9cord de 0-4.<\/p>\n\n\n\n<figure class=\"wp-block-image aligncenter size-large\"><img loading=\"lazy\" decoding=\"async\" width=\"1024\" height=\"678\" src=\"https:\/\/norceca.info\/wp-content\/uploads\/2024\/06\/Costa-Rica-celebra-triunfo-1024x678.jpg\" alt=\"\" class=\"wp-image-15536\" srcset=\"https:\/\/norceca.info\/wp-content\/uploads\/2024\/06\/Costa-Rica-celebra-triunfo-1024x678.jpg 1024w, https:\/\/norceca.info\/wp-content\/uploads\/2024\/06\/Costa-Rica-celebra-triunfo-300x199.jpg 300w, https:\/\/norceca.info\/wp-content\/uploads\/2024\/06\/Costa-Rica-celebra-triunfo-768x509.jpg 768w, https:\/\/norceca.info\/wp-content\/uploads\/2024\/06\/Costa-Rica-celebra-triunfo-1536x1017.jpg 1536w, https:\/\/norceca.info\/wp-content\/uploads\/2024\/06\/Costa-Rica-celebra-triunfo-2048x1356.jpg 2048w, https:\/\/norceca.info\/wp-content\/uploads\/2024\/06\/Costa-Rica-celebra-triunfo-18x12.jpg 18w\" sizes=\"auto, (max-width: 1024px) 100vw, 1024px\" \/><figcaption class=\"wp-element-caption\">Costa RIca<\/figcaption><\/figure>\n\n\n\n<p><strong><a href=\"https:\/\/www.afecavol.org\/eventos\/2024\/06\/vi-campeonato-centroamericano-sub-23-femenino.aspx\" target=\"_blank\" rel=\"noreferrer noopener\">AFECAVOL 2024 U23 FEMENINO<\/a><\/strong><\/p>\n\n\n\n<p><a href=\"https:\/\/flic.kr\/s\/aHBqjBwYs7\" target=\"_blank\" rel=\"noreferrer noopener\"><strong>ALBUM DE FOTOS DEL JUEGO<\/strong><\/a><\/p>\n\n\n\n<p>Este jueves Costa Rica enfrenta a Nicaragua en el primer juego de la quinta fecha, juego crucial para el conjunto tricolor si quiere mantener sus aspiraciones de lograr el t\u00edtulo. El Salvador descansa en dicha jornada.<\/p>\n\n\n\n<p>Costa Rica fue superior a El Salvador en ataques 34-18 y en servicios fueron bastante m\u00e1s efectivas con ventaja de 14-3. El Salvador se plant\u00f3 bien en la red y fue mejor en bloqueos con 5-4.<\/p>\n\n\n\n<figure class=\"wp-block-image aligncenter size-large\"><img loading=\"lazy\" decoding=\"async\" width=\"1024\" height=\"678\" src=\"https:\/\/norceca.info\/wp-content\/uploads\/2024\/06\/Allison-Mendez-de-El-Salvador-intenta-salvar-el-balon-1024x678.jpg\" alt=\"\" class=\"wp-image-15537\" srcset=\"https:\/\/norceca.info\/wp-content\/uploads\/2024\/06\/Allison-Mendez-de-El-Salvador-intenta-salvar-el-balon-1024x678.jpg 1024w, https:\/\/norceca.info\/wp-content\/uploads\/2024\/06\/Allison-Mendez-de-El-Salvador-intenta-salvar-el-balon-300x199.jpg 300w, https:\/\/norceca.info\/wp-content\/uploads\/2024\/06\/Allison-Mendez-de-El-Salvador-intenta-salvar-el-balon-768x509.jpg 768w, https:\/\/norceca.info\/wp-content\/uploads\/2024\/06\/Allison-Mendez-de-El-Salvador-intenta-salvar-el-balon-1536x1017.jpg 1536w, https:\/\/norceca.info\/wp-content\/uploads\/2024\/06\/Allison-Mendez-de-El-Salvador-intenta-salvar-el-balon-2048x1356.jpg 2048w, https:\/\/norceca.info\/wp-content\/uploads\/2024\/06\/Allison-Mendez-de-El-Salvador-intenta-salvar-el-balon-18x12.jpg 18w\" sizes=\"auto, (max-width: 1024px) 100vw, 1024px\" \/><figcaption class=\"wp-element-caption\">Allison M\u00e9ndez ESA<\/figcaption><\/figure>\n\n\n\n<p>Ester Abarca de Costa Rica fue la m\u00e1xima anotadora del encuentro con 11 puntos dos de ellos en servicio, Ana Victoria Rojas y Bennet Blackwood la apoyaron en el ataque con 10 puntos cada una. Por El Salvador, su capitana Daniela L\u00f3pez fue su mejor anotadora con 8 puntos, Silvia In\u00e9s Ju\u00e1rez la ayud\u00f3 con 7 puntos.<\/p>\n\n\n\n<p>\u201cHoy el equipo estuvo muy bien, despu\u00e9s del partido de ayer, como que nos uni\u00f3 m\u00e1s y nos ayud\u00f3 a motivarnos para que nos concentremos en cada juego e ir ganando los partidos que nos quedan, para as\u00ed lograr el t\u00edtulo que es nuestro gran objetivo\u201d dijo Bennet Blackwood de Costa Rica, al finalizar el encuentro.<\/p>\n\n\n\n<p>Por su parte, Daniela L\u00f3pez, capitana de El Salvador coment\u00f3 \u201cfelicitamos a Costa Rica por la victoria, los primeros sets estuvimos un poco desconcentradas, no est\u00e1bamos cumpliendo con nuestro papel dentro de la cancha, fue hasta el tercer set que logramos empezar a hacer puntos, espero que podamos continuar as\u00ed para lo que queda del torneo\u201d puntualiz\u00f3.<\/p>","protected":false},"excerpt":{"rendered":"<p>Tegucigalpa, Honduras. 26 junio de 2024. La Selecci\u00f3n de Costa Rica regres\u00f3 a la victoria, tras derrotar a El Salvador 3 sets a 0 (25-14, 25-15 y 25-22), en el segundo juego de la cuarta jornada del VI Campeonato Centroamericano Femenino Sub-23, que se realiza en el Gimnasio Jorge Galeano en Tegucigalpa.<\/p>","protected":false},"author":5,"featured_media":15535,"comment_status":"open","ping_status":"open","sticky":false,"template":"","format":"standard","meta":{"_acf_changed":false,"footnotes":""},"categories":[7],"tags":[26,20,11],"class_list":["post-15534","post","type-post","status-publish","format-standard","has-post-thumbnail","hentry","category-volleyball","tag-afecavol","tag-norceca","tag-volleyball"],"acf":[],"_links":{"self":[{"href":"https:\/\/norceca.info\/es\/wp-json\/wp\/v2\/posts\/15534","targetHints":{"allow":["GET"]}}],"collection":[{"href":"https:\/\/norceca.info\/es\/wp-json\/wp\/v2\/posts"}],"about":[{"href":"https:\/\/norceca.info\/es\/wp-json\/wp\/v2\/types\/post"}],"author":[{"embeddable":true,"href":"https:\/\/norceca.info\/es\/wp-json\/wp\/v2\/users\/5"}],"replies":[{"embeddable":true,"href":"https:\/\/norceca.info\/es\/wp-json\/wp\/v2\/comments?post=15534"}],"version-history":[{"count":1,"href":"https:\/\/norceca.info\/es\/wp-json\/wp\/v2\/posts\/15534\/revisions"}],"predecessor-version":[{"id":15538,"href":"https:\/\/norceca.info\/es\/wp-json\/wp\/v2\/posts\/15534\/revisions\/15538"}],"wp:featuredmedia":[{"embeddable":true,"href":"https:\/\/norceca.info\/es\/wp-json\/wp\/v2\/media\/15535"}],"wp:attachment":[{"href":"https:\/\/norceca.info\/es\/wp-json\/wp\/v2\/media?parent=15534"}],"wp:term":[{"taxonomy":"category","embeddable":true,"href":"https:\/\/norceca.info\/es\/wp-json\/wp\/v2\/categories?post=15534"},{"taxonomy":"post_tag","embeddable":true,"href":"https:\/\/norceca.info\/es\/wp-json\/wp\/v2\/tags?post=15534"}],"curies":[{"name":"wp","href":"https:\/\/api.w.org\/{rel}","templated":true}]}}