{"id":15641,"date":"2024-06-28T16:50:00","date_gmt":"2024-06-28T16:50:00","guid":{"rendered":"https:\/\/norceca.info\/?p=15641"},"modified":"2024-06-28T23:03:36","modified_gmt":"2024-06-28T23:03:36","slug":"el-salvador-wins-3-0-against-panama","status":"publish","type":"post","link":"https:\/\/norceca.info\/es\/el-salvador-wins-3-0-against-panama\/","title":{"rendered":"El Salvador le gan\u00f3 3 a 0 a Panam\u00e1"},"content":{"rendered":"<p>Tegucigalpa, Honduras, 26 junio de 2024.- El Salvador gan\u00f3 3 sets a 0 (25-19 \/ 25-13 \/ 25-18) a Panam\u00e1 en el VI Campeonato Centroamericano Femenino Sub-23, que se realiza en el Gimnasio Jorge Galeano.<\/p>\n\n\n\n<p>Las salvadore\u00f1as ganaron su primer juego este jueves en el inicio de la pen\u00faltima jornada del torneo y llegaron a foja 1-4, por su parte Panam\u00e1 finaliz\u00f3 su participaci\u00f3n en el torneo centroamericano femenino con 6 derrotas y sin conocer la victoria.<\/p>\n\n\n\n<figure class=\"wp-block-image aligncenter size-large\"><img loading=\"lazy\" decoding=\"async\" width=\"1024\" height=\"678\" src=\"https:\/\/norceca.info\/wp-content\/uploads\/2024\/06\/Janeth-Fuentes-de-Panama-ataca-1-1024x678.jpg\" alt=\"\" class=\"wp-image-15643\" srcset=\"https:\/\/norceca.info\/wp-content\/uploads\/2024\/06\/Janeth-Fuentes-de-Panama-ataca-1-1024x678.jpg 1024w, https:\/\/norceca.info\/wp-content\/uploads\/2024\/06\/Janeth-Fuentes-de-Panama-ataca-1-300x199.jpg 300w, https:\/\/norceca.info\/wp-content\/uploads\/2024\/06\/Janeth-Fuentes-de-Panama-ataca-1-768x509.jpg 768w, https:\/\/norceca.info\/wp-content\/uploads\/2024\/06\/Janeth-Fuentes-de-Panama-ataca-1-1536x1017.jpg 1536w, https:\/\/norceca.info\/wp-content\/uploads\/2024\/06\/Janeth-Fuentes-de-Panama-ataca-1-2048x1356.jpg 2048w, https:\/\/norceca.info\/wp-content\/uploads\/2024\/06\/Janeth-Fuentes-de-Panama-ataca-1-18x12.jpg 18w\" sizes=\"auto, (max-width: 1024px) 100vw, 1024px\" \/><figcaption class=\"wp-element-caption\">Keisy Fuentes PAN<\/figcaption><\/figure>\n\n\n\n<p><strong><a href=\"https:\/\/www.afecavol.org\/eventos\/2024\/06\/vi-campeonato-centroamericano-sub-23-femenino.aspx\" target=\"_blank\" rel=\"noreferrer noopener\">AFECAVOL 2024 U23 FEMENINO<\/a><\/strong><\/p>\n\n\n\n<p><strong><a href=\"https:\/\/flic.kr\/s\/aHBqjBxn5p\" target=\"_blank\" rel=\"noreferrer noopener\">ALBUM FOTOS DEL JUEGO<\/a><\/strong><\/p>\n\n\n\n<p>El Salvador se enfrenta este s\u00e1bado 29 en el primer juego de la \u00faltima jornada a Belice que descans\u00f3 hoy.<\/p>\n\n\n\n<p>Las salvadore\u00f1as dominaron el juego con 35 puntos de ataque contra 24 de Panam\u00e1, en bloqueos y servicios la ventaja tambi\u00e9n fue para las de El Salvador 6-1 y 5-2, respectivamente.<\/p>\n\n\n\n<p>La capitana de El Salvador, Daniela L\u00f3pez fue la m\u00e1xima anotadora del juego y \u00fanica con doble d\u00edgito, al lograr 15 puntos para su equipo, de los cuales 2 fueron en servicios. Por Panam\u00e1 Krisleen Gonz\u00e1lez realiz\u00f3 8 puntos entre los que consigui\u00f3 un bloqueo y un servicio.<\/p>\n\n\n\n<figure class=\"wp-block-image aligncenter size-large\"><img loading=\"lazy\" decoding=\"async\" width=\"1024\" height=\"654\" src=\"https:\/\/norceca.info\/wp-content\/uploads\/2024\/06\/Yajaivis-Santana-de-Panama-ataca-1024x654.jpg\" alt=\"\" class=\"wp-image-15644\" srcset=\"https:\/\/norceca.info\/wp-content\/uploads\/2024\/06\/Yajaivis-Santana-de-Panama-ataca-1024x654.jpg 1024w, https:\/\/norceca.info\/wp-content\/uploads\/2024\/06\/Yajaivis-Santana-de-Panama-ataca-300x191.jpg 300w, https:\/\/norceca.info\/wp-content\/uploads\/2024\/06\/Yajaivis-Santana-de-Panama-ataca-768x490.jpg 768w, https:\/\/norceca.info\/wp-content\/uploads\/2024\/06\/Yajaivis-Santana-de-Panama-ataca-1536x980.jpg 1536w, https:\/\/norceca.info\/wp-content\/uploads\/2024\/06\/Yajaivis-Santana-de-Panama-ataca-2048x1307.jpg 2048w, https:\/\/norceca.info\/wp-content\/uploads\/2024\/06\/Yajaivis-Santana-de-Panama-ataca-18x12.jpg 18w\" sizes=\"auto, (max-width: 1024px) 100vw, 1024px\" \/><\/figure>\n\n\n\n<p>Donaldo Ure\u00f1a, entrenador de Panam\u00e1 coment\u00f3 \u201cEste torneo fue de mucho aprendizaje, tanto por la falta de preparaci\u00f3n que hemos tenido, por los aspectos t\u00e9cnicos y t\u00e1cticos que tenemos que corregir, estos son parte de la planificaci\u00f3n que tenemos para los futuros torneos\u201d.<\/p>\n\n\n\n<p>\u201cFue un partido muy bueno, jugamos en conjunto, ten\u00edamos como objetivo ganar este partido y estamos muy contentas de que lo logramos. El d\u00eda de ma\u00f1ana esperamos darlo todo nuevamente, sabemos que Belice es un equipo fuerte y alto, por lo que hay que darle con todo, con \u00e1nimo y con actitud\u201d dijo Daniela L\u00f3pez, capitana de la selecci\u00f3n de El Salvador.<\/p>","protected":false},"excerpt":{"rendered":"<p>Tegucigalpa, Honduras, 26 junio de 2024.- El Salvador gan\u00f3 3 sets a 0 (25-19 \/ 25-13 \/ 25-18) a Panam\u00e1 en el VI Campeonato Centroamericano Femenino Sub-23, que se realiza en el Gimnasio Jorge Galeano.<\/p>","protected":false},"author":5,"featured_media":15642,"comment_status":"open","ping_status":"open","sticky":false,"template":"","format":"standard","meta":{"_acf_changed":false,"footnotes":""},"categories":[7],"tags":[26,20,11],"class_list":["post-15641","post","type-post","status-publish","format-standard","has-post-thumbnail","hentry","category-volleyball","tag-afecavol","tag-norceca","tag-volleyball"],"acf":[],"_links":{"self":[{"href":"https:\/\/norceca.info\/es\/wp-json\/wp\/v2\/posts\/15641","targetHints":{"allow":["GET"]}}],"collection":[{"href":"https:\/\/norceca.info\/es\/wp-json\/wp\/v2\/posts"}],"about":[{"href":"https:\/\/norceca.info\/es\/wp-json\/wp\/v2\/types\/post"}],"author":[{"embeddable":true,"href":"https:\/\/norceca.info\/es\/wp-json\/wp\/v2\/users\/5"}],"replies":[{"embeddable":true,"href":"https:\/\/norceca.info\/es\/wp-json\/wp\/v2\/comments?post=15641"}],"version-history":[{"count":1,"href":"https:\/\/norceca.info\/es\/wp-json\/wp\/v2\/posts\/15641\/revisions"}],"predecessor-version":[{"id":15645,"href":"https:\/\/norceca.info\/es\/wp-json\/wp\/v2\/posts\/15641\/revisions\/15645"}],"wp:featuredmedia":[{"embeddable":true,"href":"https:\/\/norceca.info\/es\/wp-json\/wp\/v2\/media\/15642"}],"wp:attachment":[{"href":"https:\/\/norceca.info\/es\/wp-json\/wp\/v2\/media?parent=15641"}],"wp:term":[{"taxonomy":"category","embeddable":true,"href":"https:\/\/norceca.info\/es\/wp-json\/wp\/v2\/categories?post=15641"},{"taxonomy":"post_tag","embeddable":true,"href":"https:\/\/norceca.info\/es\/wp-json\/wp\/v2\/tags?post=15641"}],"curies":[{"name":"wp","href":"https:\/\/api.w.org\/{rel}","templated":true}]}}