{"id":17557,"date":"2024-08-29T16:02:00","date_gmt":"2024-08-29T16:02:00","guid":{"rendered":"https:\/\/norceca.info\/?p=17557"},"modified":"2024-08-29T22:06:30","modified_gmt":"2024-08-29T22:06:30","slug":"first-afecavol-central-american-mens-final-four-championship","status":"publish","type":"post","link":"https:\/\/norceca.info\/es\/first-afecavol-central-american-mens-final-four-championship\/","title":{"rendered":"Primer Campeonato Centroamericano Final Four Masculino de AFECAVOL"},"content":{"rendered":"<p>CIUDAD DE GUATEMALA, Guatemala, 29 de agosto de 2024.- La primera edici\u00f3n del Campeonato Centroamericano Final Four Masculino de AFECAVOL se disputar\u00e1 del 4 al 6 de septiembre en el Gimnasio 7 de Diciembre \u201cAlfonso Gordillo\u201d de la Ciudad de Guatemala.&nbsp;<\/p>\n\n\n\n<p>El Final Four Masculino de AFECAVOL re\u00fane a los cuatro equipos de la categor\u00eda de mayores mejor rankeados en Centroam\u00e9rica del a\u00f1o previo a la competencia, en este caso de acuerdo con el XXII Centroamericano Mayor Masculino de 2023: Guatemala, El Salvador, Belice y Nicaragua.<\/p>\n\n\n\n<p>La creaci\u00f3n del evento, as\u00ed como el de la categor\u00eda femenina que se celebr\u00f3 este a\u00f1o en Honduras, surge para que la categor\u00eda mayor tenga competencia de forma anual y no cada dos a\u00f1os.&nbsp;<\/p>\n\n\n\n<p>El equipo campe\u00f3n del Centroamericano Final Four de AFECAVOL clasificar\u00e1 al Campeonato Continental NORCECA.<\/p>\n\n\n\n<figure class=\"wp-block-image aligncenter size-large\"><img loading=\"lazy\" decoding=\"async\" width=\"1024\" height=\"575\" src=\"https:\/\/norceca.info\/wp-content\/uploads\/2024\/08\/Guatemala-Mens-Team-1024x575.jpg\" alt=\"\" class=\"wp-image-17559\" srcset=\"https:\/\/norceca.info\/wp-content\/uploads\/2024\/08\/Guatemala-Mens-Team-1024x575.jpg 1024w, https:\/\/norceca.info\/wp-content\/uploads\/2024\/08\/Guatemala-Mens-Team-300x168.jpg 300w, https:\/\/norceca.info\/wp-content\/uploads\/2024\/08\/Guatemala-Mens-Team-768x431.jpg 768w, https:\/\/norceca.info\/wp-content\/uploads\/2024\/08\/Guatemala-Mens-Team-1536x862.jpg 1536w, https:\/\/norceca.info\/wp-content\/uploads\/2024\/08\/Guatemala-Mens-Team-2048x1150.jpg 2048w, https:\/\/norceca.info\/wp-content\/uploads\/2024\/08\/Guatemala-Mens-Team-18x10.jpg 18w\" sizes=\"auto, (max-width: 1024px) 100vw, 1024px\" \/><figcaption class=\"wp-element-caption\">Guatemala Senior National Team<\/figcaption><\/figure>\n\n\n\n<p>Los partidos de Guatemala (7:30pm) ser\u00e1n transmitidos por Facebook Live:<\/p>\n\n\n\n<p><a href=\"https:\/\/www.facebook.com\/CDAG.Guatemala\" target=\"_blank\" rel=\"noreferrer noopener\"><strong>Confederaci\u00f3n Deportiva Aut\u00f3noma de Guatemala<\/strong><\/a><strong><\/strong><\/p>\n\n\n\n<p>Los otros partidos de las 5:00 pm por Facebook Live:<\/p>\n\n\n\n<p><a href=\"https:\/\/www.facebook.com\/FNVoleibolGuatemala\" target=\"_blank\" rel=\"noreferrer noopener\"><strong>Federaci\u00f3n Nacional De Voleibol Guatemala<\/strong><\/a><strong><\/strong><\/p>\n\n\n\n<p>La llegada de los equipos est\u00e1 programada el 2 de septiembre, las preliminares un d\u00eda despu\u00e9s y la competencia arranca el 4 de septiembre, con dos partidos diarios en horarios de 5:00 pm y 7:30 pm.<\/p>\n\n\n\n<p><a href=\"http:\/\/www.afecavol.org\/eventos\/2024\/09\/i-final-four-centroamericano-masculino.aspx\" target=\"_blank\" rel=\"noreferrer noopener\"><strong>AFECAVOL FINAL FOUR MASCULINO<\/strong><\/a><strong><u><\/u><\/strong><\/p>\n\n\n\n<p><strong>Calendario de competencia:<\/strong><\/p>\n\n\n\n<p><strong>Mi\u00e9rcoles 4 de septiembre<\/strong><\/p>\n\n\n\n<p>5:00pm&nbsp;&nbsp; El Salvador vs Nicaragua<\/p>\n\n\n\n<p>7:30pm&nbsp;&nbsp; Guatemala vs Belize<\/p>\n\n\n\n<p><strong>Jueves 5 de septiembre<\/strong><\/p>\n\n\n\n<p>5:00pm&nbsp;&nbsp; El Salvador vs Belize<\/p>\n\n\n\n<p>7:30pm&nbsp;&nbsp; Guatemala vs Nicaragua<\/p>\n\n\n\n<p><strong>Viernes 6 de septiembre<\/strong><\/p>\n\n\n\n<p>5:00pm&nbsp;&nbsp; Belize vs Nicaragua<\/p>\n\n\n\n<p>7:30pm&nbsp;&nbsp; Guatemala vs El Salvador&nbsp;<\/p>","protected":false},"excerpt":{"rendered":"<p>GUATEMALA CITY, Guatemala, August 29, 2024.- The first edition of the AFECAVOL Central American Men&#8217;s Final Four Championship will take place from September 4 to 6 at the 7 de Diciembre \u201cAlfonso Gordillo\u201d Gymnasium in Guatemala City.&nbsp; The AFECAVOL Men&#8217;s Final Four gathers the four highest-ranked senior teams in Central America from the year prior [&hellip;]<\/p>\n","protected":false},"author":5,"featured_media":17558,"comment_status":"open","ping_status":"open","sticky":false,"template":"","format":"standard","meta":{"_acf_changed":false,"footnotes":""},"categories":[7],"tags":[233,26,20,11],"class_list":["post-17557","post","type-post","status-publish","format-standard","has-post-thumbnail","hentry","category-volleyball","tag-2024-central-american-mens-final-four-championship","tag-afecavol","tag-norceca","tag-volleyball"],"acf":[],"_links":{"self":[{"href":"https:\/\/norceca.info\/es\/wp-json\/wp\/v2\/posts\/17557","targetHints":{"allow":["GET"]}}],"collection":[{"href":"https:\/\/norceca.info\/es\/wp-json\/wp\/v2\/posts"}],"about":[{"href":"https:\/\/norceca.info\/es\/wp-json\/wp\/v2\/types\/post"}],"author":[{"embeddable":true,"href":"https:\/\/norceca.info\/es\/wp-json\/wp\/v2\/users\/5"}],"replies":[{"embeddable":true,"href":"https:\/\/norceca.info\/es\/wp-json\/wp\/v2\/comments?post=17557"}],"version-history":[{"count":1,"href":"https:\/\/norceca.info\/es\/wp-json\/wp\/v2\/posts\/17557\/revisions"}],"predecessor-version":[{"id":17560,"href":"https:\/\/norceca.info\/es\/wp-json\/wp\/v2\/posts\/17557\/revisions\/17560"}],"wp:featuredmedia":[{"embeddable":true,"href":"https:\/\/norceca.info\/es\/wp-json\/wp\/v2\/media\/17558"}],"wp:attachment":[{"href":"https:\/\/norceca.info\/es\/wp-json\/wp\/v2\/media?parent=17557"}],"wp:term":[{"taxonomy":"category","embeddable":true,"href":"https:\/\/norceca.info\/es\/wp-json\/wp\/v2\/categories?post=17557"},{"taxonomy":"post_tag","embeddable":true,"href":"https:\/\/norceca.info\/es\/wp-json\/wp\/v2\/tags?post=17557"}],"curies":[{"name":"wp","href":"https:\/\/api.w.org\/{rel}","templated":true}]}}