{"id":17618,"date":"2024-09-02T22:19:54","date_gmt":"2024-09-02T22:19:54","guid":{"rendered":"https:\/\/norceca.info\/?p=17618"},"modified":"2024-09-02T22:19:57","modified_gmt":"2024-09-02T22:19:57","slug":"coaches-speak-ahead-of-u23-womens-pan-american-cup","status":"publish","type":"post","link":"https:\/\/norceca.info\/es\/coaches-speak-ahead-of-u23-womens-pan-american-cup\/","title":{"rendered":"Entrenadores hablan previo a Copa Panamericana Sub-23 Femenina"},"content":{"rendered":"<p>XALAPA, M\u00e9xico, 2 de septiembre de 2024.- Los entrenadores de los ocho equipos que competir\u00e1n en la Copa Panamericana Sub-23 Femenina, un evento clasificatorio a los Juegos Panamericanos Junior 2025 para dos equipos de NORCECA, a celebrarse en el Vel\u00f3dromo Internacional Xalapa del 3 al 8 de septiembre dieron sus primeras impresiones previo a la competencia.<\/p>\n\n\n\n<p><strong>Eduardo Guillaume, Entrenador de Chile:Eduardo Guillaume, Entrenador de Chile:&nbsp;<\/strong>\u201cTenemos un equipo muy joven. Es un equipo que tambi\u00e9n se est\u00e1 preparando para el campeonato sudamericano Sub-21, la mayor\u00eda de las jugadoras est\u00e1n en esa categor\u00eda, tambi\u00e9n hay algunas Sub-19. El sudamericano otorga una plaza adicional al Mundial Sub-21 para Confederaci\u00f3n Sudamericana de Voleibol porque creci\u00f3 de 16 a 24 equipos y nuestro objetivo ac\u00e1 es que el equipo se prepare para esa competencia\u201d.<\/p>\n\n\n\n<figure class=\"wp-block-image aligncenter size-large\"><img loading=\"lazy\" decoding=\"async\" width=\"1024\" height=\"600\" src=\"https:\/\/norceca.info\/wp-content\/uploads\/2024\/09\/Preliminary-Inquiry-Chile-3-1024x600.jpg\" alt=\"\" class=\"wp-image-17620\" srcset=\"https:\/\/norceca.info\/wp-content\/uploads\/2024\/09\/Preliminary-Inquiry-Chile-3-1024x600.jpg 1024w, https:\/\/norceca.info\/wp-content\/uploads\/2024\/09\/Preliminary-Inquiry-Chile-3-300x176.jpg 300w, https:\/\/norceca.info\/wp-content\/uploads\/2024\/09\/Preliminary-Inquiry-Chile-3-768x450.jpg 768w, https:\/\/norceca.info\/wp-content\/uploads\/2024\/09\/Preliminary-Inquiry-Chile-3-1536x901.jpg 1536w, https:\/\/norceca.info\/wp-content\/uploads\/2024\/09\/Preliminary-Inquiry-Chile-3-2048x1201.jpg 2048w, https:\/\/norceca.info\/wp-content\/uploads\/2024\/09\/Preliminary-Inquiry-Chile-3-18x12.jpg 18w\" sizes=\"auto, (max-width: 1024px) 100vw, 1024px\" \/><figcaption class=\"wp-element-caption\">Chile<\/figcaption><\/figure>\n\n\n\n<p><strong>Ronald P\u00e9rez L\u00f3pez, Entrenador Asistente de Costa Rica:&nbsp;<\/strong>\u201cEstamos iniciando un nuevo proceso, con un nuevo entrenador y esto representa que se les est\u00e1 dando oportunidad a nuevas jugadoras. Ellas han estado trabajando fuerte en nuestro campeonato nacional. Nuestra expectativa es crear conjunto y prepararnos para campeonatos centroamericanos, utilizar el torneo para proyecci\u00f3n de nuestras jugadoras\u201d.<\/p>\n\n\n\n<figure class=\"wp-block-image aligncenter size-large\"><img loading=\"lazy\" decoding=\"async\" width=\"1024\" height=\"700\" src=\"https:\/\/norceca.info\/wp-content\/uploads\/2024\/09\/Preliminary-Inquiry-Costa-Rica-2-1024x700.jpg\" alt=\"\" class=\"wp-image-17621\" srcset=\"https:\/\/norceca.info\/wp-content\/uploads\/2024\/09\/Preliminary-Inquiry-Costa-Rica-2-1024x700.jpg 1024w, https:\/\/norceca.info\/wp-content\/uploads\/2024\/09\/Preliminary-Inquiry-Costa-Rica-2-300x205.jpg 300w, https:\/\/norceca.info\/wp-content\/uploads\/2024\/09\/Preliminary-Inquiry-Costa-Rica-2-768x525.jpg 768w, https:\/\/norceca.info\/wp-content\/uploads\/2024\/09\/Preliminary-Inquiry-Costa-Rica-2-1536x1050.jpg 1536w, https:\/\/norceca.info\/wp-content\/uploads\/2024\/09\/Preliminary-Inquiry-Costa-Rica-2-2048x1400.jpg 2048w, https:\/\/norceca.info\/wp-content\/uploads\/2024\/09\/Preliminary-Inquiry-Costa-Rica-2-18x12.jpg 18w\" sizes=\"auto, (max-width: 1024px) 100vw, 1024px\" \/><figcaption class=\"wp-element-caption\">Costa Rica<\/figcaption><\/figure>\n\n\n\n<p><strong>Wagner Pacheco, Entrenador de Rep\u00fablica Dominicana:&nbsp;<\/strong>\u201cTenemos establecidas tres metas, primero estar en las semifinales, segundo alcanzar la final y la tercera ganar la medalla de oro. La meta siempre es ganar. El equipo es una mezcla de jugadoras juveniles, infantiles y preinfantiles, es un equipo muy joven porque estamos pensando en el futuro.  Veo a varios equipos muy fuertes\u201d.<\/p>\n\n\n\n<figure class=\"wp-block-image aligncenter size-large\"><img loading=\"lazy\" decoding=\"async\" width=\"1024\" height=\"685\" src=\"https:\/\/norceca.info\/wp-content\/uploads\/2024\/09\/Preliminary-Inquiry-Dominican-Republic-1-1024x685.jpg\" alt=\"\" class=\"wp-image-17622\" srcset=\"https:\/\/norceca.info\/wp-content\/uploads\/2024\/09\/Preliminary-Inquiry-Dominican-Republic-1-1024x685.jpg 1024w, https:\/\/norceca.info\/wp-content\/uploads\/2024\/09\/Preliminary-Inquiry-Dominican-Republic-1-300x201.jpg 300w, https:\/\/norceca.info\/wp-content\/uploads\/2024\/09\/Preliminary-Inquiry-Dominican-Republic-1-768x513.jpg 768w, https:\/\/norceca.info\/wp-content\/uploads\/2024\/09\/Preliminary-Inquiry-Dominican-Republic-1-1536x1027.jpg 1536w, https:\/\/norceca.info\/wp-content\/uploads\/2024\/09\/Preliminary-Inquiry-Dominican-Republic-1-2048x1369.jpg 2048w, https:\/\/norceca.info\/wp-content\/uploads\/2024\/09\/Preliminary-Inquiry-Dominican-Republic-1-18x12.jpg 18w\" sizes=\"auto, (max-width: 1024px) 100vw, 1024px\" \/><figcaption class=\"wp-element-caption\">Preliminary Inquiry Dominican Republic<\/figcaption><\/figure>\n\n\n\n<p><strong>Luis Le\u00f3n, Entrenador de M\u00e9xico:&nbsp;<\/strong>\u201cMuy emocionados por jugar nuevamente en M\u00e9xico. Buscamos ganar experiencia y prepararnos para los Juegos Panamericanos Junior el siguiente a\u00f1o. El objetivo es alcanzar la final del torneo nuevamente. El equipo lo conforma jugadoras Sub-23 y Sub-21\u201d.<\/p>\n\n\n\n<figure class=\"wp-block-image aligncenter size-large\"><img loading=\"lazy\" decoding=\"async\" width=\"1024\" height=\"685\" src=\"https:\/\/norceca.info\/wp-content\/uploads\/2024\/09\/Preliminary-Inquiry-Mexico-3-1024x685.jpg\" alt=\"\" class=\"wp-image-17623\" srcset=\"https:\/\/norceca.info\/wp-content\/uploads\/2024\/09\/Preliminary-Inquiry-Mexico-3-1024x685.jpg 1024w, https:\/\/norceca.info\/wp-content\/uploads\/2024\/09\/Preliminary-Inquiry-Mexico-3-300x201.jpg 300w, https:\/\/norceca.info\/wp-content\/uploads\/2024\/09\/Preliminary-Inquiry-Mexico-3-768x513.jpg 768w, https:\/\/norceca.info\/wp-content\/uploads\/2024\/09\/Preliminary-Inquiry-Mexico-3-1536x1027.jpg 1536w, https:\/\/norceca.info\/wp-content\/uploads\/2024\/09\/Preliminary-Inquiry-Mexico-3-2048x1369.jpg 2048w, https:\/\/norceca.info\/wp-content\/uploads\/2024\/09\/Preliminary-Inquiry-Mexico-3-18x12.jpg 18w\" sizes=\"auto, (max-width: 1024px) 100vw, 1024px\" \/><figcaption class=\"wp-element-caption\">Preliminary Inquiry Mexico<\/figcaption><\/figure>\n\n\n\n<p><strong>Marcelo Diniz Bencardino, Entrenador de Per\u00fa:&nbsp;<\/strong>\u201cNos da una gran alegr\u00eda estar ac\u00e1 para disputar la competencia. El grupo es sub-21, es joven y con una gran voluntad de participar y hacer lo mejor que puedan. La expectativa es buena, haciendo el mejor esfuerzo y estar\u00edamos muy felices de avanzar en la competencia\u201d.<\/p>\n\n\n\n<figure class=\"wp-block-image aligncenter size-large\"><img loading=\"lazy\" decoding=\"async\" width=\"1024\" height=\"685\" src=\"https:\/\/norceca.info\/wp-content\/uploads\/2024\/09\/Preliminary-Inquiry-Peru-3-1024x685.jpg\" alt=\"\" class=\"wp-image-17624\" srcset=\"https:\/\/norceca.info\/wp-content\/uploads\/2024\/09\/Preliminary-Inquiry-Peru-3-1024x685.jpg 1024w, https:\/\/norceca.info\/wp-content\/uploads\/2024\/09\/Preliminary-Inquiry-Peru-3-300x201.jpg 300w, https:\/\/norceca.info\/wp-content\/uploads\/2024\/09\/Preliminary-Inquiry-Peru-3-768x513.jpg 768w, https:\/\/norceca.info\/wp-content\/uploads\/2024\/09\/Preliminary-Inquiry-Peru-3-1536x1027.jpg 1536w, https:\/\/norceca.info\/wp-content\/uploads\/2024\/09\/Preliminary-Inquiry-Peru-3-2048x1369.jpg 2048w, https:\/\/norceca.info\/wp-content\/uploads\/2024\/09\/Preliminary-Inquiry-Peru-3-18x12.jpg 18w\" sizes=\"auto, (max-width: 1024px) 100vw, 1024px\" \/><figcaption class=\"wp-element-caption\">Preliminary Inquiry Peru<\/figcaption><\/figure>\n\n\n\n<p><strong>Claudius Straal, Entrenador de Surinam&nbsp;<\/strong>\u201cMe gusta que las chicas de Surinam tienen la oportunidad de participar en este torneo sub-23, as\u00ed podemos ver la diferencia con otros pa\u00edses. Ojal\u00e1 lo hagamos mejor que las chicas de la categor\u00eda mayor\u201d.<\/p>\n\n\n\n<figure class=\"wp-block-image aligncenter size-large\"><img loading=\"lazy\" decoding=\"async\" width=\"1024\" height=\"685\" src=\"https:\/\/norceca.info\/wp-content\/uploads\/2024\/09\/Preliminary-Inquiry-Suriname-2-1024x685.jpg\" alt=\"\" class=\"wp-image-17625\" srcset=\"https:\/\/norceca.info\/wp-content\/uploads\/2024\/09\/Preliminary-Inquiry-Suriname-2-1024x685.jpg 1024w, https:\/\/norceca.info\/wp-content\/uploads\/2024\/09\/Preliminary-Inquiry-Suriname-2-300x201.jpg 300w, https:\/\/norceca.info\/wp-content\/uploads\/2024\/09\/Preliminary-Inquiry-Suriname-2-768x513.jpg 768w, https:\/\/norceca.info\/wp-content\/uploads\/2024\/09\/Preliminary-Inquiry-Suriname-2-1536x1027.jpg 1536w, https:\/\/norceca.info\/wp-content\/uploads\/2024\/09\/Preliminary-Inquiry-Suriname-2-2048x1369.jpg 2048w, https:\/\/norceca.info\/wp-content\/uploads\/2024\/09\/Preliminary-Inquiry-Suriname-2-18x12.jpg 18w\" sizes=\"auto, (max-width: 1024px) 100vw, 1024px\" \/><figcaption class=\"wp-element-caption\">Preliminary Inquiry Suriname<\/figcaption><\/figure>\n\n\n\n<p>Cuba and Nicaragua had not yet arrived in Xalapa.<\/p>","protected":false},"excerpt":{"rendered":"<p>XALAPA, Mexico, September 2, 2024. &#8211; The coaches of the eight teams that will compete in the Women\u2019s Under-23 Pan American Cup, a qualifier to the 2025 Junior Pan American Games for two NORCECA teams, to be held at the Xalapa International Velodrome from September 3 to 8, shared their first impressions ahead of the [&hellip;]<\/p>\n","protected":false},"author":5,"featured_media":17619,"comment_status":"open","ping_status":"open","sticky":false,"template":"","format":"standard","meta":{"_acf_changed":false,"footnotes":""},"categories":[1],"tags":[],"class_list":["post-17618","post","type-post","status-publish","format-standard","has-post-thumbnail","hentry","category-uncategorized"],"acf":[],"_links":{"self":[{"href":"https:\/\/norceca.info\/es\/wp-json\/wp\/v2\/posts\/17618","targetHints":{"allow":["GET"]}}],"collection":[{"href":"https:\/\/norceca.info\/es\/wp-json\/wp\/v2\/posts"}],"about":[{"href":"https:\/\/norceca.info\/es\/wp-json\/wp\/v2\/types\/post"}],"author":[{"embeddable":true,"href":"https:\/\/norceca.info\/es\/wp-json\/wp\/v2\/users\/5"}],"replies":[{"embeddable":true,"href":"https:\/\/norceca.info\/es\/wp-json\/wp\/v2\/comments?post=17618"}],"version-history":[{"count":1,"href":"https:\/\/norceca.info\/es\/wp-json\/wp\/v2\/posts\/17618\/revisions"}],"predecessor-version":[{"id":17626,"href":"https:\/\/norceca.info\/es\/wp-json\/wp\/v2\/posts\/17618\/revisions\/17626"}],"wp:featuredmedia":[{"embeddable":true,"href":"https:\/\/norceca.info\/es\/wp-json\/wp\/v2\/media\/17619"}],"wp:attachment":[{"href":"https:\/\/norceca.info\/es\/wp-json\/wp\/v2\/media?parent=17618"}],"wp:term":[{"taxonomy":"category","embeddable":true,"href":"https:\/\/norceca.info\/es\/wp-json\/wp\/v2\/categories?post=17618"},{"taxonomy":"post_tag","embeddable":true,"href":"https:\/\/norceca.info\/es\/wp-json\/wp\/v2\/tags?post=17618"}],"curies":[{"name":"wp","href":"https:\/\/api.w.org\/{rel}","templated":true}]}}