{"id":19100,"date":"2024-11-19T15:00:00","date_gmt":"2024-11-19T15:00:00","guid":{"rendered":"https:\/\/norceca.info\/?p=19100"},"modified":"2024-11-20T00:01:52","modified_gmt":"2024-11-20T00:01:52","slug":"new-fivb-board-of-administration-approves-composition-of-executive-committee","status":"publish","type":"post","link":"https:\/\/norceca.info\/es\/new-fivb-board-of-administration-approves-composition-of-executive-committee\/","title":{"rendered":"Nuevo Consejo de Administraci\u00f3n de la FIVB aprueba la composici\u00f3n del Comit\u00e9 Ejecutivo"},"content":{"rendered":"<p>19 de noviembre de 2024.- El reci\u00e9n formado Consejo de Administraci\u00f3n de la FIVB se reuni\u00f3 tras la exitosa conclusi\u00f3n de la primera Cumbre Global de Voleibol, celebrada en el marco del 39\u00ba Congreso Mundial de la FIVB.<\/p>\n\n\n\n<p>Presidida por primera vez por el reci\u00e9n electo presidente de la FIVB, Fabio Azevedo, la reuni\u00f3n se centr\u00f3 en sentar las bases para la pr\u00f3xima fase del Movimiento Global de Voleibol. Entre las decisiones clave tomadas, se anunciaron la reelecci\u00f3n de Yuji Saeki y el nombramiento del Secretario General de la FIVB, Hugh McCutcheon, como miembros del Consejo de Administraci\u00f3n.<\/p>\n\n\n\n<p>El Consejo de Administraci\u00f3n de la FIVB tambi\u00e9n confirm\u00f3 la composici\u00f3n del Comit\u00e9 Ejecutivo para el ciclo ol\u00edmpico 2024-2028, que ser\u00e1 el siguiente:<\/p>\n\n\n\n<p>.        Sr. Fabio Azevedo \u2013 Presidente&nbsp;&nbsp;&nbsp;&nbsp;&nbsp;&nbsp;&nbsp;&nbsp;&nbsp;&nbsp;&nbsp;&nbsp;&nbsp;&nbsp;&nbsp;&nbsp;&nbsp;&nbsp;<\/p>\n\n\n\n<p>.        Lic. Crist\u00f3bal Marte Hoffiz \u2013 Primer Vicepresidente Ejecutivo<\/p>\n\n\n\n<p>.        Sr. Roko Sikiri\u0107 \u2013 Segundo Vicepresidente Ejecutivo<\/p>\n\n\n\n<p>.        Sr. Roberto Wilfrido Escobar Gonz\u00e1lez \u2013 Tesorero y Vicepresidente Ejecutivo<\/p>\n\n\n\n<p>.        Sra. Bouchra Hajij \u2013 Vicepresidenta Ejecutiva<\/p>\n\n\n\n<p>.        Sr. Marco Tullio Teixeira \u2013 Vicepresidente Ejecutivo<\/p>\n\n\n\n<p>.        Sr. Ramon Suzara \u2013 Vicepresidente Ejecutivo<\/p>\n\n\n\n<p>.        Sr. Mark Eckert \u2013 Vicepresidente Ejecutivo<\/p>\n\n\n\n<p>.        Sr. Dula Mester \u2013 Vicepresidente Ejecutivo<\/p>\n\n\n\n<p>.        Sr. Hugh Graham \u2013 Vicepresidente Ejecutivo<\/p>\n\n\n\n<p>.        Sr. Daniel Molaodi \u2013 Vicepresidente Ejecutivo<\/p>\n\n\n\n<p>.        Sra. Mireya Luis Hern\u00e1ndez \u2013 Vicepresidenta Ejecutiva<\/p>\n\n\n\n<p>.        Sra. Hila Asanuma \u2013 Vicepresidenta Ejecutiva<\/p>\n\n\n\n<p>Al dirigirse al Consejo, Fabio Azevedo coment\u00f3:<\/p>\n\n\n\n<p>\u201cEs fant\u00e1stico estar aqu\u00ed con todos ustedes despu\u00e9s de un incre\u00edble 39\u00ba Congreso Mundial. El nuevo Consejo est\u00e1 compuesto por m\u00e1s del 50 % de miembros nuevos, lo que marca un momento muy emocionante para nuestro deporte mientras servimos al Movimiento Global de Voleibol y avanzamos hacia la fase tres.<\/p>\n\n\n\n<p>\u201cA trav\u00e9s de los pilares de la Visi\u00f3n Estrat\u00e9gica 2024-2032: profesionalismo, integraci\u00f3n, empoderamiento y participaci\u00f3n masiva, junto con un enfoque unido, estoy seguro de que lograremos grandes cosas para nuestro deporte en los pr\u00f3ximos a\u00f1os\u201d.<\/p>\n\n\n\n<p>El Consejo de Administraci\u00f3n tambi\u00e9n aprob\u00f3 las composiciones para el periodo 2024-2028 de tres \u00f3rganos judiciales: el Panel de Apelaciones de la FIVB, el Panel Disciplinario de la FIVB y el Tribunal de la FIVB, adem\u00e1s del nombramiento del Sr. Olivier Zysset como Contralor de la FIVB.<\/p>\n\n\n\n<p>Entre otros temas, se discuti\u00f3 la composici\u00f3n de todos los Consejos y Comisiones para el ciclo 2024-2028, que se confirmar\u00e1 en una fecha posterior.<\/p>\n\n\n\n<p>El nuevo Consejo de Administraci\u00f3n de la FIVB trabajar\u00e1 de manera colaborativa para impulsar el continuo crecimiento y \u00e9xito del voleibol a nivel mundial, siguiendo los pilares de profesionalismo, integraci\u00f3n, empoderamiento y participaci\u00f3n masiva establecidos en la Visi\u00f3n Estrat\u00e9gica 2024-2032.<\/p>","protected":false},"excerpt":{"rendered":"<p>November 19, 2024.- The newly formed&nbsp;FIVB Board of Administration&nbsp;met following the successful conclusion of the first-ever Global Volleyball Summit at the FIVB 39th World Congress. Chaired for the first time by the newly elected FIVB President Fabio Azevedo, the meeting focused on laying the groundwork for the next phase of the Global Volleyball Movement. The [&hellip;]<\/p>\n","protected":false},"author":5,"featured_media":19101,"comment_status":"open","ping_status":"open","sticky":false,"template":"","format":"standard","meta":{"_acf_changed":false,"footnotes":""},"categories":[9],"tags":[12,20,11],"class_list":["post-19100","post","type-post","status-publish","format-standard","has-post-thumbnail","hentry","category-general","tag-beach-volleyball","tag-norceca","tag-volleyball"],"acf":[],"_links":{"self":[{"href":"https:\/\/norceca.info\/es\/wp-json\/wp\/v2\/posts\/19100","targetHints":{"allow":["GET"]}}],"collection":[{"href":"https:\/\/norceca.info\/es\/wp-json\/wp\/v2\/posts"}],"about":[{"href":"https:\/\/norceca.info\/es\/wp-json\/wp\/v2\/types\/post"}],"author":[{"embeddable":true,"href":"https:\/\/norceca.info\/es\/wp-json\/wp\/v2\/users\/5"}],"replies":[{"embeddable":true,"href":"https:\/\/norceca.info\/es\/wp-json\/wp\/v2\/comments?post=19100"}],"version-history":[{"count":1,"href":"https:\/\/norceca.info\/es\/wp-json\/wp\/v2\/posts\/19100\/revisions"}],"predecessor-version":[{"id":19102,"href":"https:\/\/norceca.info\/es\/wp-json\/wp\/v2\/posts\/19100\/revisions\/19102"}],"wp:featuredmedia":[{"embeddable":true,"href":"https:\/\/norceca.info\/es\/wp-json\/wp\/v2\/media\/19101"}],"wp:attachment":[{"href":"https:\/\/norceca.info\/es\/wp-json\/wp\/v2\/media?parent=19100"}],"wp:term":[{"taxonomy":"category","embeddable":true,"href":"https:\/\/norceca.info\/es\/wp-json\/wp\/v2\/categories?post=19100"},{"taxonomy":"post_tag","embeddable":true,"href":"https:\/\/norceca.info\/es\/wp-json\/wp\/v2\/tags?post=19100"}],"curies":[{"name":"wp","href":"https:\/\/api.w.org\/{rel}","templated":true}]}}