{"id":19253,"date":"2024-12-07T15:38:00","date_gmt":"2024-12-07T15:38:00","guid":{"rendered":"https:\/\/norceca.info\/?p=19253"},"modified":"2024-12-07T21:45:13","modified_gmt":"2024-12-07T21:45:13","slug":"the-best-talents-gather-at-the-afecavol-u19-central-american-mens-championship","status":"publish","type":"post","link":"https:\/\/norceca.info\/es\/the-best-talents-gather-at-the-afecavol-u19-central-american-mens-championship\/","title":{"rendered":"Los mejores talentos se citan en el Centroamericano Sub-19 Masculino de AFECAVOL"},"content":{"rendered":"<p>SAN SALVADOR, El Salvador 07 de diciembre de 2024.- A pesar de la juventud de sus protagonistas, promete mucha emoci\u00f3n el XV Campeonato Centroamericano Sub-19 de Voleibol Masculino de AFECAVOL, que desarrollar\u00e1 sus partidos del 8 al 14 de diciembre en el Gimnasio FESAVOL.<\/p>\n\n\n\n<p>Tras cumplir con el protocolo de la entrevista preliminar, los siete entrenadores de los equipos que animar\u00e1n el evento, coincidieron en que la lucha por llegar al podio no ser\u00e1 f\u00e1cil.<\/p>\n\n\n\n<p><a href=\"https:\/\/flic.kr\/s\/aHBqjBUf2f\" target=\"_blank\" rel=\"noreferrer noopener\"><strong>\u00c1LBUM ENTREVISTAS PRELIMINARES<\/strong><\/a><\/p>\n\n\n\n<p>Sobre la meta que persigue Costa Rica, Roberto Arg\u00fcello, entrenador de la escuadra costarricense, manifest\u00f3: \u201cEntendemos el compromiso que traemos para este torneo, ya que somos los actuales campeones Centroamericanos Sub-19. Traemos un conjunto joven, pero con experiencia. Entendemos que los otros equipos vienen bien preparados, y que est\u00e1n muy fuertes. Nosotros trabajamos duro para nuestro primer objetivo, que es estar entre los tres primeros, y ya con una de esas plazas asegurada, buscar el objetivo de llegar al primer lugar\u201d.<\/p>\n\n\n\n<figure class=\"wp-block-image aligncenter size-large\"><img loading=\"lazy\" decoding=\"async\" width=\"1024\" height=\"678\" src=\"https:\/\/norceca.info\/wp-content\/uploads\/2024\/12\/Entrevista-Preliminar-CRC-2-1024x678.jpg\" alt=\"\" class=\"wp-image-19255\" srcset=\"https:\/\/norceca.info\/wp-content\/uploads\/2024\/12\/Entrevista-Preliminar-CRC-2-1024x678.jpg 1024w, https:\/\/norceca.info\/wp-content\/uploads\/2024\/12\/Entrevista-Preliminar-CRC-2-300x199.jpg 300w, https:\/\/norceca.info\/wp-content\/uploads\/2024\/12\/Entrevista-Preliminar-CRC-2-768x509.jpg 768w, https:\/\/norceca.info\/wp-content\/uploads\/2024\/12\/Entrevista-Preliminar-CRC-2-1536x1017.jpg 1536w, https:\/\/norceca.info\/wp-content\/uploads\/2024\/12\/Entrevista-Preliminar-CRC-2-2048x1356.jpg 2048w, https:\/\/norceca.info\/wp-content\/uploads\/2024\/12\/Entrevista-Preliminar-CRC-2-18x12.jpg 18w\" sizes=\"auto, (max-width: 1024px) 100vw, 1024px\" \/><figcaption class=\"wp-element-caption\">Costa Rica<\/figcaption><\/figure>\n\n\n\n<p>En tanto Yamil Herrera entrenador de Belice se\u00f1al\u00f3: \u201cSer\u00e1 una competencia muy fuerte y re\u00f1ida. Belice ha tenido una buena preparaci\u00f3n, el 50 por ciento de nuestros atletas participaron en el Codicader en la misma cancha que se jugar\u00e1 el Sub-19, as\u00ed que tienen experiencia internacional, esperemos que cumplan con los planes t\u00e1cticos que se ensayamos en los entrenamientos, y que mantengan un rendimiento estable para lograr buenos resultados\u201d.<\/p>\n\n\n\n<figure class=\"wp-block-image aligncenter size-large\"><img loading=\"lazy\" decoding=\"async\" width=\"1024\" height=\"678\" src=\"https:\/\/norceca.info\/wp-content\/uploads\/2024\/12\/Entrevista-Preliminar-BIZ-6-1024x678.jpg\" alt=\"\" class=\"wp-image-19256\" srcset=\"https:\/\/norceca.info\/wp-content\/uploads\/2024\/12\/Entrevista-Preliminar-BIZ-6-1024x678.jpg 1024w, https:\/\/norceca.info\/wp-content\/uploads\/2024\/12\/Entrevista-Preliminar-BIZ-6-300x199.jpg 300w, https:\/\/norceca.info\/wp-content\/uploads\/2024\/12\/Entrevista-Preliminar-BIZ-6-768x509.jpg 768w, https:\/\/norceca.info\/wp-content\/uploads\/2024\/12\/Entrevista-Preliminar-BIZ-6-1536x1017.jpg 1536w, https:\/\/norceca.info\/wp-content\/uploads\/2024\/12\/Entrevista-Preliminar-BIZ-6-2048x1356.jpg 2048w, https:\/\/norceca.info\/wp-content\/uploads\/2024\/12\/Entrevista-Preliminar-BIZ-6-18x12.jpg 18w\" sizes=\"auto, (max-width: 1024px) 100vw, 1024px\" \/><figcaption class=\"wp-element-caption\">Be\u00f1ize<\/figcaption><\/figure>\n\n\n\n<p>Por su parte Luis Casta\u00f1eda entrenador de Guatemala aport\u00f3: \u201cSabemos que los equipos se han preparado muy fuerte para esta competencia, vienen conjuntos con muy buen nivel de juego. Como Selecci\u00f3n, nos hemos preparado bastante bien, venimos con deseos de hacer bien las cosas para conseguir los mejores resultados. Apostamos a estar en el podio, pero sabemos que el nivel del evento es muy fuerte, as\u00ed que vamos a trabajar poco a poco para lograr el objetivo\u201d.<\/p>\n\n\n\n<figure class=\"wp-block-image aligncenter size-large\"><img loading=\"lazy\" decoding=\"async\" width=\"1024\" height=\"678\" src=\"https:\/\/norceca.info\/wp-content\/uploads\/2024\/12\/Entrevista-Preliminar-GUA-4-1024x678.jpg\" alt=\"\" class=\"wp-image-19257\" srcset=\"https:\/\/norceca.info\/wp-content\/uploads\/2024\/12\/Entrevista-Preliminar-GUA-4-1024x678.jpg 1024w, https:\/\/norceca.info\/wp-content\/uploads\/2024\/12\/Entrevista-Preliminar-GUA-4-300x199.jpg 300w, https:\/\/norceca.info\/wp-content\/uploads\/2024\/12\/Entrevista-Preliminar-GUA-4-768x509.jpg 768w, https:\/\/norceca.info\/wp-content\/uploads\/2024\/12\/Entrevista-Preliminar-GUA-4-1536x1017.jpg 1536w, https:\/\/norceca.info\/wp-content\/uploads\/2024\/12\/Entrevista-Preliminar-GUA-4-2048x1356.jpg 2048w, https:\/\/norceca.info\/wp-content\/uploads\/2024\/12\/Entrevista-Preliminar-GUA-4-18x12.jpg 18w\" sizes=\"auto, (max-width: 1024px) 100vw, 1024px\" \/><figcaption class=\"wp-element-caption\">Guatemala<\/figcaption><\/figure>\n\n\n\n<p>Sobre la participaci\u00f3n de El Salvador en la cita, su entrenador Guillermo Polanco explic\u00f3: \u201cContamos con un grupo b\u00e1sicamente nuevo, tenemos muy buenas expectativas y queremos dar una sorpresa. Nuestra meta es estar en el podio, y nos hemos preparado para ello. El torneo ser\u00e1 muy competitivo, en el que el equipo que se aplique, y tenga mejor concentraci\u00f3n en los juegos tendr\u00e1 los mejores resultados\u201d.<\/p>\n\n\n\n<figure class=\"wp-block-image aligncenter size-large\"><img loading=\"lazy\" decoding=\"async\" width=\"1024\" height=\"678\" src=\"https:\/\/norceca.info\/wp-content\/uploads\/2024\/12\/Entrevista-Preliminar-ESA-1024x678.jpg\" alt=\"\" class=\"wp-image-19258\" srcset=\"https:\/\/norceca.info\/wp-content\/uploads\/2024\/12\/Entrevista-Preliminar-ESA-1024x678.jpg 1024w, https:\/\/norceca.info\/wp-content\/uploads\/2024\/12\/Entrevista-Preliminar-ESA-300x199.jpg 300w, https:\/\/norceca.info\/wp-content\/uploads\/2024\/12\/Entrevista-Preliminar-ESA-768x509.jpg 768w, https:\/\/norceca.info\/wp-content\/uploads\/2024\/12\/Entrevista-Preliminar-ESA-1536x1017.jpg 1536w, https:\/\/norceca.info\/wp-content\/uploads\/2024\/12\/Entrevista-Preliminar-ESA-2048x1356.jpg 2048w, https:\/\/norceca.info\/wp-content\/uploads\/2024\/12\/Entrevista-Preliminar-ESA-18x12.jpg 18w\" sizes=\"auto, (max-width: 1024px) 100vw, 1024px\" \/><figcaption class=\"wp-element-caption\">El Salvador<\/figcaption><\/figure>\n\n\n\n<p>Carlos Funez entrenador de Honduras aport\u00f3: \u201cTraemos un equipo bastante joven, contamos con cuatro jugadores categor\u00eda Sub-17 para que se vayan fogueando, los otros miembros del equipo ya son Sub-19. Esperamos que en este torneo le vaya favorablemente al equipo ya que nos preparamos con bastante anticipaci\u00f3n. En este torneo hay jugadores con una edad bastante temprana y que est\u00e1n en una etapa intermedia en su desarrollo deportivo, as\u00ed que su personalidad y la preparaci\u00f3n psicol\u00f3gica que hayan tenido ser\u00e1 vital para su mejor desempe\u00f1o\u201d.<\/p>\n\n\n\n<figure class=\"wp-block-image aligncenter size-large\"><img loading=\"lazy\" decoding=\"async\" width=\"1024\" height=\"678\" src=\"https:\/\/norceca.info\/wp-content\/uploads\/2024\/12\/Entrevista-Preliminar-HON-4-1024x678.jpg\" alt=\"\" class=\"wp-image-19259\" srcset=\"https:\/\/norceca.info\/wp-content\/uploads\/2024\/12\/Entrevista-Preliminar-HON-4-1024x678.jpg 1024w, https:\/\/norceca.info\/wp-content\/uploads\/2024\/12\/Entrevista-Preliminar-HON-4-300x199.jpg 300w, https:\/\/norceca.info\/wp-content\/uploads\/2024\/12\/Entrevista-Preliminar-HON-4-768x509.jpg 768w, https:\/\/norceca.info\/wp-content\/uploads\/2024\/12\/Entrevista-Preliminar-HON-4-1536x1017.jpg 1536w, https:\/\/norceca.info\/wp-content\/uploads\/2024\/12\/Entrevista-Preliminar-HON-4-2048x1356.jpg 2048w, https:\/\/norceca.info\/wp-content\/uploads\/2024\/12\/Entrevista-Preliminar-HON-4-18x12.jpg 18w\" sizes=\"auto, (max-width: 1024px) 100vw, 1024px\" \/><figcaption class=\"wp-element-caption\">Honduras<\/figcaption><\/figure>\n\n\n\n<p>Jorge Mena entrenador de Nicaragua destac\u00f3: \u201cNos hemos preparado fuerte para este campeonato, estamos listos para enfrentar un nuevo reto, tengo que dar gracias a la Federaci\u00f3n Nicarag\u00fcense de Voleibol por el apoyo. Nuestra meta es quedar en el medallero, para eso nos preparamos y estamos listos para alcanzar ese objetivo\u201d.<\/p>\n\n\n\n<figure class=\"wp-block-image aligncenter size-large\"><img loading=\"lazy\" decoding=\"async\" width=\"1024\" height=\"678\" src=\"https:\/\/norceca.info\/wp-content\/uploads\/2024\/12\/Entrevista-Preliminar-NCA-2-1024x678.jpg\" alt=\"\" class=\"wp-image-19260\" srcset=\"https:\/\/norceca.info\/wp-content\/uploads\/2024\/12\/Entrevista-Preliminar-NCA-2-1024x678.jpg 1024w, https:\/\/norceca.info\/wp-content\/uploads\/2024\/12\/Entrevista-Preliminar-NCA-2-300x199.jpg 300w, https:\/\/norceca.info\/wp-content\/uploads\/2024\/12\/Entrevista-Preliminar-NCA-2-768x508.jpg 768w, https:\/\/norceca.info\/wp-content\/uploads\/2024\/12\/Entrevista-Preliminar-NCA-2-1536x1017.jpg 1536w, https:\/\/norceca.info\/wp-content\/uploads\/2024\/12\/Entrevista-Preliminar-NCA-2-18x12.jpg 18w, https:\/\/norceca.info\/wp-content\/uploads\/2024\/12\/Entrevista-Preliminar-NCA-2.jpg 1600w\" sizes=\"auto, (max-width: 1024px) 100vw, 1024px\" \/><figcaption class=\"wp-element-caption\">Nicaragua<\/figcaption><\/figure>\n\n\n\n<p>Mientras que Horacio Angulo, entrenador de Panam\u00e1 se\u00f1al\u00f3: \u201cPanam\u00e1 viene con una base de jugadores Sub-21 con los que logramos un segundo lugar. Venimos a jugar partido por partido y tratar de conseguir nuevamente una medalla para nuestro pa\u00eds. Este evento Sub-19, es una categor\u00eda intermedia, con muchachos con mucho entusiasmo y con un perfil de juego bastante alto, as\u00ed que esperamos un torneo fuerte\u201d.<\/p>\n\n\n\n<figure class=\"wp-block-image aligncenter size-large\"><img loading=\"lazy\" decoding=\"async\" width=\"1024\" height=\"678\" src=\"https:\/\/norceca.info\/wp-content\/uploads\/2024\/12\/Entrevista-Preliminar-PAN-4-1024x678.jpg\" alt=\"\" class=\"wp-image-19261\" srcset=\"https:\/\/norceca.info\/wp-content\/uploads\/2024\/12\/Entrevista-Preliminar-PAN-4-1024x678.jpg 1024w, https:\/\/norceca.info\/wp-content\/uploads\/2024\/12\/Entrevista-Preliminar-PAN-4-300x199.jpg 300w, https:\/\/norceca.info\/wp-content\/uploads\/2024\/12\/Entrevista-Preliminar-PAN-4-768x508.jpg 768w, https:\/\/norceca.info\/wp-content\/uploads\/2024\/12\/Entrevista-Preliminar-PAN-4-1536x1017.jpg 1536w, https:\/\/norceca.info\/wp-content\/uploads\/2024\/12\/Entrevista-Preliminar-PAN-4-18x12.jpg 18w, https:\/\/norceca.info\/wp-content\/uploads\/2024\/12\/Entrevista-Preliminar-PAN-4.jpg 1600w\" sizes=\"auto, (max-width: 1024px) 100vw, 1024px\" \/><figcaption class=\"wp-element-caption\">Panama<\/figcaption><\/figure>","protected":false},"excerpt":{"rendered":"<p>SAN SALVADOR, El Salvador, December 7, 2024.-&nbsp;Despite the youth of its participants, the XV AFECAVOL U19 Central American Men\u2019s Volleyball Championship promises plenty of excitement. Matches will take place from December 8 to 14 at the FESAVOL Gymnasium. After completing the preliminary interview protocol, the seven team coaches agreed that the battle for a spot [&hellip;]<\/p>\n","protected":false},"author":5,"featured_media":19254,"comment_status":"open","ping_status":"open","sticky":false,"template":"","format":"standard","meta":{"_acf_changed":false,"footnotes":""},"categories":[7],"tags":[26,20,11],"class_list":["post-19253","post","type-post","status-publish","format-standard","has-post-thumbnail","hentry","category-volleyball","tag-afecavol","tag-norceca","tag-volleyball"],"acf":[],"_links":{"self":[{"href":"https:\/\/norceca.info\/es\/wp-json\/wp\/v2\/posts\/19253","targetHints":{"allow":["GET"]}}],"collection":[{"href":"https:\/\/norceca.info\/es\/wp-json\/wp\/v2\/posts"}],"about":[{"href":"https:\/\/norceca.info\/es\/wp-json\/wp\/v2\/types\/post"}],"author":[{"embeddable":true,"href":"https:\/\/norceca.info\/es\/wp-json\/wp\/v2\/users\/5"}],"replies":[{"embeddable":true,"href":"https:\/\/norceca.info\/es\/wp-json\/wp\/v2\/comments?post=19253"}],"version-history":[{"count":1,"href":"https:\/\/norceca.info\/es\/wp-json\/wp\/v2\/posts\/19253\/revisions"}],"predecessor-version":[{"id":19262,"href":"https:\/\/norceca.info\/es\/wp-json\/wp\/v2\/posts\/19253\/revisions\/19262"}],"wp:featuredmedia":[{"embeddable":true,"href":"https:\/\/norceca.info\/es\/wp-json\/wp\/v2\/media\/19254"}],"wp:attachment":[{"href":"https:\/\/norceca.info\/es\/wp-json\/wp\/v2\/media?parent=19253"}],"wp:term":[{"taxonomy":"category","embeddable":true,"href":"https:\/\/norceca.info\/es\/wp-json\/wp\/v2\/categories?post=19253"},{"taxonomy":"post_tag","embeddable":true,"href":"https:\/\/norceca.info\/es\/wp-json\/wp\/v2\/tags?post=19253"}],"curies":[{"name":"wp","href":"https:\/\/api.w.org\/{rel}","templated":true}]}}