{"id":19732,"date":"2025-03-10T15:09:00","date_gmt":"2025-03-10T15:09:00","guid":{"rendered":"https:\/\/norceca.info\/?p=19732"},"modified":"2025-03-10T21:11:22","modified_gmt":"2025-03-10T21:11:22","slug":"volleyballs-development-in-cameroon-and-zone-iv-highlighted-at-meeting-in-volleyball-house","status":"publish","type":"post","link":"https:\/\/norceca.info\/es\/volleyballs-development-in-cameroon-and-zone-iv-highlighted-at-meeting-in-volleyball-house\/","title":{"rendered":"El desarrollo del voleibol en Camer\u00fan y la Zona IV se destac\u00f3 en reuni\u00f3n en la Casa del Voleibol"},"content":{"rendered":"<p>LAUSANA, Suiza, 9 de marzo de 2025.- El presidente de la FIVB, Fabio Azevedo, y el equipo de la FIVB se reunieron con Bourdanne Bello, presidente de la Federaci\u00f3n Nacional de Camer\u00fan (NF) y presidente de la Zona IV de la Confederaci\u00f3n Africana de Voleibol (CAVB). Durante la reuni\u00f3n, se discutieron importantes oportunidades para el desarrollo del voleibol tanto en Camer\u00fan como en toda la regi\u00f3n.&nbsp;<\/p>\n\n\n\n<p>Uno de los temas clave fue el apoyo a las selecciones nacionales de Camer\u00fan, especialmente tras la exitosa clasificaci\u00f3n del equipo femenino de Camer\u00fan para el Campeonato Mundial de Voleibol Femenino de la FIVB, que se celebrar\u00e1 en Tailandia en agosto\/septiembre de 2025. Tambi\u00e9n se abord\u00f3 el apoyo continuo y futuro brindado a trav\u00e9s del programa de Empoderamiento del Voleibol de la FIVB, tanto para Camer\u00fan como para la regi\u00f3n de la Zona IV de la CAVB.&nbsp;<\/p>\n\n\n\n<p>Hasta la fecha, la FIVB ha contribuido con 618,000 francos suizos en 57 proyectos en ocho pa\u00edses de la Zona IV, adem\u00e1s de 208,000 francos suizos en 16 proyectos en Camer\u00fan, a trav\u00e9s del programa de Empoderamiento del Voleibol. Estos fondos tienen como objetivo mejorar el desarrollo de entrenadores y la infraestructura general del voleibol en estas regiones.&nbsp;<\/p>","protected":false},"excerpt":{"rendered":"<p>LAUSANNE, Switzerland, March 9, 2025.- FIVB President Fabio Azevedo and the FIVB team met with Bourdanne Bello, the President of the Cameroon National Federation (NF) and the Zonal President of the African Volleyball Confederation\u2019s (CAVB) Zone IV. The meeting saw discussions on key opportunities for volleyball\u2019s development in both Cameroon and the wider region.&nbsp; A [&hellip;]<\/p>\n","protected":false},"author":5,"featured_media":19733,"comment_status":"open","ping_status":"open","sticky":false,"template":"","format":"standard","meta":{"_acf_changed":false,"footnotes":""},"categories":[9],"tags":[194,20,11],"class_list":["post-19732","post","type-post","status-publish","format-standard","has-post-thumbnail","hentry","category-general","tag-fivb","tag-norceca","tag-volleyball"],"acf":[],"_links":{"self":[{"href":"https:\/\/norceca.info\/es\/wp-json\/wp\/v2\/posts\/19732","targetHints":{"allow":["GET"]}}],"collection":[{"href":"https:\/\/norceca.info\/es\/wp-json\/wp\/v2\/posts"}],"about":[{"href":"https:\/\/norceca.info\/es\/wp-json\/wp\/v2\/types\/post"}],"author":[{"embeddable":true,"href":"https:\/\/norceca.info\/es\/wp-json\/wp\/v2\/users\/5"}],"replies":[{"embeddable":true,"href":"https:\/\/norceca.info\/es\/wp-json\/wp\/v2\/comments?post=19732"}],"version-history":[{"count":1,"href":"https:\/\/norceca.info\/es\/wp-json\/wp\/v2\/posts\/19732\/revisions"}],"predecessor-version":[{"id":19734,"href":"https:\/\/norceca.info\/es\/wp-json\/wp\/v2\/posts\/19732\/revisions\/19734"}],"wp:featuredmedia":[{"embeddable":true,"href":"https:\/\/norceca.info\/es\/wp-json\/wp\/v2\/media\/19733"}],"wp:attachment":[{"href":"https:\/\/norceca.info\/es\/wp-json\/wp\/v2\/media?parent=19732"}],"wp:term":[{"taxonomy":"category","embeddable":true,"href":"https:\/\/norceca.info\/es\/wp-json\/wp\/v2\/categories?post=19732"},{"taxonomy":"post_tag","embeddable":true,"href":"https:\/\/norceca.info\/es\/wp-json\/wp\/v2\/tags?post=19732"}],"curies":[{"name":"wp","href":"https:\/\/api.w.org\/{rel}","templated":true}]}}