{"id":19949,"date":"2025-04-12T07:16:00","date_gmt":"2025-04-12T07:16:00","guid":{"rendered":"https:\/\/norceca.info\/?p=19949"},"modified":"2025-04-12T13:18:07","modified_gmt":"2025-04-12T13:18:07","slug":"norceca-leadership-present-at-the-fivb-board-of-administration-meeting-in-lausanne","status":"publish","type":"post","link":"https:\/\/norceca.info\/es\/norceca-leadership-present-at-the-fivb-board-of-administration-meeting-in-lausanne\/","title":{"rendered":"Liderazgo de NORCECA presente en la reuni\u00f3n del Consejo de Administraci\u00f3n de la FIVB en Lausana"},"content":{"rendered":"<p>LAUSANA, Suiza, 11 de abril de 2025.- Los miembros del Comit\u00e9 Ejecutivo de la Confederaci\u00f3n de Norteam\u00e9rica, Centroam\u00e9rica y el Caribe de Voleibol NORCECA participaron activamente en la reuni\u00f3n del Consejo de Administraci\u00f3n de la Federaci\u00f3n Internacional de Voleibol FIVB, celebrada en Lausana, Suiza.<\/p>\n\n\n\n<p>Encabezados por el presidente Crist\u00f3bal Marte Hoffiz, tambi\u00e9n formaron parte de la delegaci\u00f3n Sabinah Clement, segunda vicepresidenta ejecutiva, junto a los vicepresidentes ejecutivos Mireya Luis, Mark Eckert, F\u00e9lix Sabio Gonz\u00e1lez y Mushtaque Mohammed.<\/p>\n\n\n\n<p>Como parte de las jornadas de trabajo, los directivos de NORCECA visitaron la Casa Ol\u00edmpica y el Museo Ol\u00edmpico, dos espacios emblem\u00e1ticos que reflejan el legado y los valores del movimiento ol\u00edmpico. Durante esta significativa visita, tuvieron la oportunidad de compartir una amena conversaci\u00f3n con el presidente saliente del Comit\u00e9 Ol\u00edmpico Internacional COI, Thomas Bach.<\/p>\n\n\n\n<p>El encuentro con el presidente Bach se desarroll\u00f3 en un ambiente cordial y de reconocimiento mutuo, donde los representantes de NORCECA aprovecharon para agradecerle su valiosa contribuci\u00f3n al desarrollo del voleibol a nivel mundial y destacar los lazos de amistad y cooperaci\u00f3n que ha cultivado con la comunidad del voleibol durante su mandato.<\/p>\n\n\n\n<p>La participaci\u00f3n activa de NORCECA en estos espacios internacionales reafirma su compromiso con el crecimiento del voleibol y su integraci\u00f3n dentro del contexto ol\u00edmpico global.<\/p>","protected":false},"excerpt":{"rendered":"<p>LAUSANNE, Switzerland, April 11, 2025. \u2013 Members of the Executive Committee of the North, Central America and Caribbean Volleyball Confederation NORCECA actively participated in the Board of Administration meeting of the International Volleyball Federation FIVB, held in Lausanne, Switzerland. Led by President Crist\u00f3bal Marte Hoffiz, the NORCECA delegation also included Second Executive Vice President Sabinah [&hellip;]<\/p>\n","protected":false},"author":5,"featured_media":19950,"comment_status":"open","ping_status":"open","sticky":false,"template":"","format":"standard","meta":{"_acf_changed":false,"footnotes":""},"categories":[9],"tags":[12,194,20,11],"class_list":["post-19949","post","type-post","status-publish","format-standard","has-post-thumbnail","hentry","category-general","tag-beach-volleyball","tag-fivb","tag-norceca","tag-volleyball"],"acf":[],"_links":{"self":[{"href":"https:\/\/norceca.info\/es\/wp-json\/wp\/v2\/posts\/19949","targetHints":{"allow":["GET"]}}],"collection":[{"href":"https:\/\/norceca.info\/es\/wp-json\/wp\/v2\/posts"}],"about":[{"href":"https:\/\/norceca.info\/es\/wp-json\/wp\/v2\/types\/post"}],"author":[{"embeddable":true,"href":"https:\/\/norceca.info\/es\/wp-json\/wp\/v2\/users\/5"}],"replies":[{"embeddable":true,"href":"https:\/\/norceca.info\/es\/wp-json\/wp\/v2\/comments?post=19949"}],"version-history":[{"count":1,"href":"https:\/\/norceca.info\/es\/wp-json\/wp\/v2\/posts\/19949\/revisions"}],"predecessor-version":[{"id":19951,"href":"https:\/\/norceca.info\/es\/wp-json\/wp\/v2\/posts\/19949\/revisions\/19951"}],"wp:featuredmedia":[{"embeddable":true,"href":"https:\/\/norceca.info\/es\/wp-json\/wp\/v2\/media\/19950"}],"wp:attachment":[{"href":"https:\/\/norceca.info\/es\/wp-json\/wp\/v2\/media?parent=19949"}],"wp:term":[{"taxonomy":"category","embeddable":true,"href":"https:\/\/norceca.info\/es\/wp-json\/wp\/v2\/categories?post=19949"},{"taxonomy":"post_tag","embeddable":true,"href":"https:\/\/norceca.info\/es\/wp-json\/wp\/v2\/tags?post=19949"}],"curies":[{"name":"wp","href":"https:\/\/api.w.org\/{rel}","templated":true}]}}