{"id":20348,"date":"2025-05-21T19:39:00","date_gmt":"2025-05-21T19:39:00","guid":{"rendered":"https:\/\/norceca.info\/?p=20348"},"modified":"2025-05-22T14:42:00","modified_gmt":"2025-05-22T14:42:00","slug":"pablo-guzman-2024-finals-mvp-joins-the-patriotas-de-lares","status":"publish","type":"post","link":"https:\/\/norceca.info\/es\/pablo-guzman-2024-finals-mvp-joins-the-patriotas-de-lares\/","title":{"rendered":"Pablo Guzm\u00e1n, MVP de la Serie Final 2024, se une a los Patriotas de Lares"},"content":{"rendered":"<p>SAN SEBASTI\u00c1N, Puerto Rico, 21 de julio de 2025 - El traspaso de Pablo Guzm\u00e1n a los Patriotas de Lares marca un nuevo cap\u00edtulo en la trayectoria de los bicampeones Caribes de San Sebasti\u00e1n en la Liga de Voleibol Superior Masculino (LVSM) de Puerto Rico.<\/p>\n\n\n\n<p>El movimiento fue confirmado por David Chaparro P\u00e9rez, Co-Apoderado y Gerente General de los Caribes, quien destac\u00f3 el compromiso de la franquicia con el bienestar de sus jugadores. \u201cNuestra organizaci\u00f3n se ha distinguido por ser una franquicia que brinda oportunidades a los jugadores. Si no llegamos a un acuerdo para una temporada, queremos que cada atleta tenga la libertad de elegir d\u00f3nde continuar su camino,\u201d explic\u00f3.<\/p>\n\n\n\n<p>El veterano jugador, MVP de la pasada serie final, pas\u00f3 a los Patriotas de Lares a cambio de una compensaci\u00f3n econ\u00f3mica.<\/p>\n\n\n\n<figure class=\"wp-block-image aligncenter size-large\"><img loading=\"lazy\" decoding=\"async\" width=\"1024\" height=\"683\" src=\"https:\/\/norceca.info\/wp-content\/uploads\/2025\/05\/Pablo-Guzman-3-celebra-el-triunfo-de-los-Caribes-1024x683.jpg\" alt=\"\" class=\"wp-image-20350\" srcset=\"https:\/\/norceca.info\/wp-content\/uploads\/2025\/05\/Pablo-Guzman-3-celebra-el-triunfo-de-los-Caribes-1024x683.jpg 1024w, https:\/\/norceca.info\/wp-content\/uploads\/2025\/05\/Pablo-Guzman-3-celebra-el-triunfo-de-los-Caribes-300x200.jpg 300w, https:\/\/norceca.info\/wp-content\/uploads\/2025\/05\/Pablo-Guzman-3-celebra-el-triunfo-de-los-Caribes-768x512.jpg 768w, https:\/\/norceca.info\/wp-content\/uploads\/2025\/05\/Pablo-Guzman-3-celebra-el-triunfo-de-los-Caribes-1536x1024.jpg 1536w, https:\/\/norceca.info\/wp-content\/uploads\/2025\/05\/Pablo-Guzman-3-celebra-el-triunfo-de-los-Caribes-2048x1365.jpg 2048w, https:\/\/norceca.info\/wp-content\/uploads\/2025\/05\/Pablo-Guzman-3-celebra-el-triunfo-de-los-Caribes-18x12.jpg 18w\" sizes=\"auto, (max-width: 1024px) 100vw, 1024px\" \/><figcaption class=\"wp-element-caption\">Pablo Guzman<\/figcaption><\/figure>\n\n\n\n<p>Adem\u00e1s, Chaparro P\u00e9rez subray\u00f3 que la filosof\u00eda de los Caribes es clara: respetar los deseos de los jugadores y contribuir al desarrollo de la Liga. \u201cSiempre buscamos el mejor desarrollo para la Liga. No estamos aqu\u00ed para perjudicar a ning\u00fan jugador, sino para fortalecer la competitividad y el espect\u00e1culo del voleibol puertorrique\u00f1o,\u201d afirm\u00f3.<\/p>\n\n\n\n<p>\"Pablo, continu\u00f3 Chaparro, expres\u00f3 su inter\u00e9s en cambiar su ubicaci\u00f3n a un sitio de su preferencia. Tras consultarle sobre sus opciones y respetando su decisi\u00f3n, se le concedi\u00f3 el cambio. Es importante destacar que esta modificaci\u00f3n respondi\u00f3 directamente a su solicitud. Como en cualquier entorno, no siempre se llega a un acuerdo en todos los puntos, pero eso es parte de la din\u00e1mica natural dentro de las mejores familias, aunque nos cost\u00f3 despedirnos.\"<\/p>\n\n\n\n<p>El traspaso ha generado diversas reacciones entre los fan\u00e1ticos, desde nostalgia por la partida de un veterano hasta expectativa por la llegada de nuevas figuras. Chaparro P\u00e9rez confirm\u00f3 que este movimiento forma parte de una planificaci\u00f3n estrat\u00e9gica a largo plazo. \u201cEste cambio es parte de una reestructuraci\u00f3n pensada para los pr\u00f3ximos tres a\u00f1os, donde integraremos sangre nueva y ajustaremos la plantilla gradualmente para mantener el nivel del equipo.\u201d<\/p>\n\n\n\n<p>As\u00ed, la salida de Guzm\u00e1n se enmarca en una visi\u00f3n de futuro que busca garantizar que los Caribes sigan marcando la pauta en el voleibol superior, con el objetivo de fortalecer la Liga y brindar el mejor espect\u00e1culo a la afici\u00f3n.<\/p>\n\n\n\n<p>El calendario de la temporada regular inicia el 6 de junio con los Gigantes de Adjuntas visitando a los Caribes de San Sebasti\u00e1n, y los Changos de Naranjito enfrentando a los Gigantes de Carolina.<\/p>\n\n\n\n<p>La LVSM 2025 contar\u00e1 con ocho equipos en contienda: Caribes de San Sebasti\u00e1n (bicampeones), Mets de Guaynabo, Plataneros de Corozal, Patriotas de Lares, Changos de Naranjito, Gigantes de Carolina, Gigantes de Adjuntas y Cafeteros de Yauco.<\/p>","protected":false},"excerpt":{"rendered":"<p>SAN SEBASTI\u00c1N, Puerto Rico, July 21, 2025.-&nbsp;The transfer of Pablo Guzm\u00e1n to the Patriotas de Lares marks a new chapter in the journey of the two-time champions, Caribes de San Sebasti\u00e1n, in the Puerto Rican Men\u2019s Superior Volleyball League (LVSM). The transfer was confirmed by David Chaparro P\u00e9rez, Co-Owner and General Manager of the Caribes, [&hellip;]<\/p>\n","protected":false},"author":5,"featured_media":20349,"comment_status":"open","ping_status":"open","sticky":false,"template":"","format":"standard","meta":{"_acf_changed":false,"footnotes":""},"categories":[7],"tags":[267,20,11],"class_list":["post-20348","post","type-post","status-publish","format-standard","has-post-thumbnail","hentry","category-volleyball","tag-2025-lvsm","tag-norceca","tag-volleyball"],"acf":[],"_links":{"self":[{"href":"https:\/\/norceca.info\/es\/wp-json\/wp\/v2\/posts\/20348","targetHints":{"allow":["GET"]}}],"collection":[{"href":"https:\/\/norceca.info\/es\/wp-json\/wp\/v2\/posts"}],"about":[{"href":"https:\/\/norceca.info\/es\/wp-json\/wp\/v2\/types\/post"}],"author":[{"embeddable":true,"href":"https:\/\/norceca.info\/es\/wp-json\/wp\/v2\/users\/5"}],"replies":[{"embeddable":true,"href":"https:\/\/norceca.info\/es\/wp-json\/wp\/v2\/comments?post=20348"}],"version-history":[{"count":1,"href":"https:\/\/norceca.info\/es\/wp-json\/wp\/v2\/posts\/20348\/revisions"}],"predecessor-version":[{"id":20351,"href":"https:\/\/norceca.info\/es\/wp-json\/wp\/v2\/posts\/20348\/revisions\/20351"}],"wp:featuredmedia":[{"embeddable":true,"href":"https:\/\/norceca.info\/es\/wp-json\/wp\/v2\/media\/20349"}],"wp:attachment":[{"href":"https:\/\/norceca.info\/es\/wp-json\/wp\/v2\/media?parent=20348"}],"wp:term":[{"taxonomy":"category","embeddable":true,"href":"https:\/\/norceca.info\/es\/wp-json\/wp\/v2\/categories?post=20348"},{"taxonomy":"post_tag","embeddable":true,"href":"https:\/\/norceca.info\/es\/wp-json\/wp\/v2\/tags?post=20348"}],"curies":[{"name":"wp","href":"https:\/\/api.w.org\/{rel}","templated":true}]}}