{"id":23715,"date":"2025-08-27T17:48:00","date_gmt":"2025-08-27T17:48:00","guid":{"rendered":"https:\/\/norceca.info\/?p=23715"},"modified":"2025-08-27T23:50:46","modified_gmt":"2025-08-27T23:50:46","slug":"manzanillo-heart-of-the-mexican-pacific-to-host-sixth-stop-of-the-norceca-beach-tour","status":"publish","type":"post","link":"https:\/\/norceca.info\/es\/manzanillo-heart-of-the-mexican-pacific-to-host-sixth-stop-of-the-norceca-beach-tour\/","title":{"rendered":"Manzanillo, Coraz\u00f3n del Pac\u00edfico Mexicano, ser\u00e1 sede de la Sexta Parada del Tour NORCECA de Voleibol de Playa 2025"},"content":{"rendered":"<p>MANZANILLO, Colima, 27 de agosto de 2025. \u2013 Manzanillo est\u00e1 listo para recibir la Sexta Parada del Tour NORCECA de Voleibol de Playa 2025, programada del 29 al 31 de agosto en la reconocida Playa Azul, ubicada junto a la Plaza Punto Bah\u00eda.<\/p>\n\n\n\n<p>El evento contar\u00e1 con la participaci\u00f3n de las mejores duplas de Norteam\u00e9rica, Centroam\u00e9rica y el Caribe, brindando a los aficionados un vibrante ambiente frente al mar, combinado con un alto nivel competitivo.<\/p>\n\n\n\n<p>Hasta el momento se encuentran registradas 11 duplas femeniles y 15 duplas varoniles de Estados Unidos, Canad\u00e1, Guatemala, Venezuela, Trinidad y Tobago, Cuba, Puerto Rico, Costa Rica, El Salvador y M\u00e9xico.<\/p>\n\n\n\n<figure class=\"wp-block-image aligncenter size-large\"><img loading=\"lazy\" decoding=\"async\" width=\"1024\" height=\"478\" src=\"https:\/\/norceca.info\/wp-content\/uploads\/2025\/08\/ROTULO-MANZANILLO-1024x478.jpg\" alt=\"\" class=\"wp-image-23717\" srcset=\"https:\/\/norceca.info\/wp-content\/uploads\/2025\/08\/ROTULO-MANZANILLO-1024x478.jpg 1024w, https:\/\/norceca.info\/wp-content\/uploads\/2025\/08\/ROTULO-MANZANILLO-300x140.jpg 300w, https:\/\/norceca.info\/wp-content\/uploads\/2025\/08\/ROTULO-MANZANILLO-768x359.jpg 768w, https:\/\/norceca.info\/wp-content\/uploads\/2025\/08\/ROTULO-MANZANILLO-18x8.jpg 18w, https:\/\/norceca.info\/wp-content\/uploads\/2025\/08\/ROTULO-MANZANILLO.jpg 1370w\" sizes=\"auto, (max-width: 1024px) 100vw, 1024px\" \/><\/figure>\n\n\n\n<p>Las inscripciones oficiales de los equipos se confirmar\u00e1n durante la reuni\u00f3n t\u00e9cnica general, a celebrarse un d\u00eda antes del inicio de la competencia.<\/p>\n\n\n\n<p>Hablando sobre los equipos locales, destacan Susana Torres y Atenas Guti\u00e9rrez, ganadoras de la medalla de oro en la parada previa en Paramaribo, Surinam y con cuatro medallas de plata en esta temporada. Jorman Osuna, que har\u00e1 pareja con Jos\u00e9 Cardenas; este a\u00f1o Osuna ha ganado una medalla de oro y una bronce con Miguel Sarabia.  La dupla de Lares\/Carlos Andr\u00e9s tienen una medalla de oro y una de plata.<\/p>\n\n\n\n<p>El imponente escenario del Pac\u00edfico mexicano, Manzanillo, promete un espect\u00e1culo deportivo internacional de alto nivel competitivo.<\/p>","protected":false},"excerpt":{"rendered":"<p>MANZANILLO, Colima, August 27, 2025. \u2013 Manzanillo is ready to welcome the Sixth Stop of the 2025 NORCECA Beach Volleyball Tour, scheduled for August 29-31 at the renowned Playa Azul, located next to Plaza Punto Bah\u00eda. The event will feature the best beach volleyball duos from North America, Central America, and the Caribbean, offering fans [&hellip;]<\/p>\n","protected":false},"author":5,"featured_media":23716,"comment_status":"open","ping_status":"open","sticky":false,"template":"","format":"standard","meta":{"_acf_changed":false,"footnotes":""},"categories":[8],"tags":[259,20,11],"class_list":["post-23715","post","type-post","status-publish","format-standard","has-post-thumbnail","hentry","category-beach","tag-2025-norceca-beach-tour","tag-norceca","tag-volleyball"],"acf":[],"_links":{"self":[{"href":"https:\/\/norceca.info\/es\/wp-json\/wp\/v2\/posts\/23715","targetHints":{"allow":["GET"]}}],"collection":[{"href":"https:\/\/norceca.info\/es\/wp-json\/wp\/v2\/posts"}],"about":[{"href":"https:\/\/norceca.info\/es\/wp-json\/wp\/v2\/types\/post"}],"author":[{"embeddable":true,"href":"https:\/\/norceca.info\/es\/wp-json\/wp\/v2\/users\/5"}],"replies":[{"embeddable":true,"href":"https:\/\/norceca.info\/es\/wp-json\/wp\/v2\/comments?post=23715"}],"version-history":[{"count":1,"href":"https:\/\/norceca.info\/es\/wp-json\/wp\/v2\/posts\/23715\/revisions"}],"predecessor-version":[{"id":23718,"href":"https:\/\/norceca.info\/es\/wp-json\/wp\/v2\/posts\/23715\/revisions\/23718"}],"wp:featuredmedia":[{"embeddable":true,"href":"https:\/\/norceca.info\/es\/wp-json\/wp\/v2\/media\/23716"}],"wp:attachment":[{"href":"https:\/\/norceca.info\/es\/wp-json\/wp\/v2\/media?parent=23715"}],"wp:term":[{"taxonomy":"category","embeddable":true,"href":"https:\/\/norceca.info\/es\/wp-json\/wp\/v2\/categories?post=23715"},{"taxonomy":"post_tag","embeddable":true,"href":"https:\/\/norceca.info\/es\/wp-json\/wp\/v2\/tags?post=23715"}],"curies":[{"name":"wp","href":"https:\/\/api.w.org\/{rel}","templated":true}]}}