{"id":25529,"date":"2025-11-03T17:02:00","date_gmt":"2025-11-03T17:02:00","guid":{"rendered":"https:\/\/norceca.info\/?p=25529"},"modified":"2025-11-04T13:42:06","modified_gmt":"2025-11-04T13:42:06","slug":"intense-battle-begins-for-a-spot-at-the-2026-fivb-u17-girls-world-championship","status":"publish","type":"post","link":"https:\/\/norceca.info\/es\/intense-battle-begins-for-a-spot-at-the-2026-fivb-u17-girls-world-championship\/","title":{"rendered":"Inicia intensa batalla por un boleto al Campeonato Mundial FIVB U17 Femenino 2026"},"content":{"rendered":"<p>SAN JOS\u00c9, Costa Rica, 3 de noviembre de 2025. \u2013 Ocho selecciones nacionales est\u00e1n listas para enfrentarse en San Jos\u00e9, Costa Rica, del 4 al 9 de noviembre, en el Campeonato Continental NORCECA U17 Femenino, donde estar\u00e1 en juego el sue\u00f1o de clasificar al Campeonato Mundial FIVB U17 Femenino 2026.<\/p>\n\n\n\n<p>Entrenadores y jugadoras se preparan para una semana de competencia de alto nivel, en la que las j\u00f3venes promesas del voleibol regional buscar\u00e1n demostrar su talento y asegurar su lugar en el escenario mundial.<\/p>\n\n\n\n<p>Al menos un cupo al Campeonato Mundial 2026 de la FIVB, a celebrarse en Chile, ser\u00e1 otorgado al campe\u00f3n de NORCECA. La FIVB confirmar\u00e1 en una fecha posterior el n\u00famero total de equipos participantes y, por consiguiente, la cantidad de plazas asignadas a la Confederaci\u00f3n NORCECA.<\/p>\n\n\n\n<p><strong>Sandra Lam, Entrenadora de Canad\u00e1:&nbsp;<\/strong>\u201cTuvimos nuestra primera pr\u00e1ctica juntas esta ma\u00f1ana. A las jugadoras les encant\u00f3 el ambiente en el gimnasio cuando entramos. En cuanto a las expectativas para esta semana, solo queremos mejorar cada d\u00eda. Es la primera vez que las jugadoras visten el uniforme con la bandera de Canad\u00e1, y esperamos que crezcan a lo largo del torneo. Habr\u00e1 una gran competencia, y estamos deseando que comience\u201d.<\/p>\n\n\n\n<figure class=\"wp-block-image aligncenter size-large\"><img loading=\"lazy\" decoding=\"async\" width=\"1024\" height=\"683\" src=\"https:\/\/norceca.info\/wp-content\/uploads\/2025\/11\/CAN-Entrevista-_-U17-FEM-_-Continental-Championship-_-NOV-2025-_-1-1024x683.jpg\" alt=\"\" class=\"wp-image-25531\" srcset=\"https:\/\/norceca.info\/wp-content\/uploads\/2025\/11\/CAN-Entrevista-_-U17-FEM-_-Continental-Championship-_-NOV-2025-_-1-1024x683.jpg 1024w, https:\/\/norceca.info\/wp-content\/uploads\/2025\/11\/CAN-Entrevista-_-U17-FEM-_-Continental-Championship-_-NOV-2025-_-1-300x200.jpg 300w, https:\/\/norceca.info\/wp-content\/uploads\/2025\/11\/CAN-Entrevista-_-U17-FEM-_-Continental-Championship-_-NOV-2025-_-1-768x512.jpg 768w, https:\/\/norceca.info\/wp-content\/uploads\/2025\/11\/CAN-Entrevista-_-U17-FEM-_-Continental-Championship-_-NOV-2025-_-1-1536x1024.jpg 1536w, https:\/\/norceca.info\/wp-content\/uploads\/2025\/11\/CAN-Entrevista-_-U17-FEM-_-Continental-Championship-_-NOV-2025-_-1-2048x1365.jpg 2048w, https:\/\/norceca.info\/wp-content\/uploads\/2025\/11\/CAN-Entrevista-_-U17-FEM-_-Continental-Championship-_-NOV-2025-_-1-18x12.jpg 18w\" sizes=\"auto, (max-width: 1024px) 100vw, 1024px\" \/><figcaption class=\"wp-element-caption\">Canad\u00e1,<\/figcaption><\/figure>\n\n\n\n<p><strong>Kareem Richards, Entrenador de Costa Rica:<\/strong>&nbsp;\u201cNo hay palabras para describir la emoci\u00f3n que sentimos al tener un evento de esta magnitud en nuestro pa\u00eds. El equipo est\u00e1 muy motivado. Se ha preparado bien. Sabemos que todos los equipos tambi\u00e9n llegan bien preparados porque otorga porque otorga cupos al mundial. Lo vemos como una gran oportunidad de dar una buena sorpresa. Tenemos la expectativa de quedar lo m\u00e1s alto posible en el ranking\u201d.<\/p>\n\n\n\n<figure class=\"wp-block-image aligncenter size-large\"><img loading=\"lazy\" decoding=\"async\" width=\"1024\" height=\"683\" src=\"https:\/\/norceca.info\/wp-content\/uploads\/2025\/11\/CRC-Entrevista-_-U17-FEM-_-Continental-Championship-_-NOV-2025-_-1-1024x683.jpg\" alt=\"\" class=\"wp-image-25532\" srcset=\"https:\/\/norceca.info\/wp-content\/uploads\/2025\/11\/CRC-Entrevista-_-U17-FEM-_-Continental-Championship-_-NOV-2025-_-1-1024x683.jpg 1024w, https:\/\/norceca.info\/wp-content\/uploads\/2025\/11\/CRC-Entrevista-_-U17-FEM-_-Continental-Championship-_-NOV-2025-_-1-300x200.jpg 300w, https:\/\/norceca.info\/wp-content\/uploads\/2025\/11\/CRC-Entrevista-_-U17-FEM-_-Continental-Championship-_-NOV-2025-_-1-768x512.jpg 768w, https:\/\/norceca.info\/wp-content\/uploads\/2025\/11\/CRC-Entrevista-_-U17-FEM-_-Continental-Championship-_-NOV-2025-_-1-1536x1024.jpg 1536w, https:\/\/norceca.info\/wp-content\/uploads\/2025\/11\/CRC-Entrevista-_-U17-FEM-_-Continental-Championship-_-NOV-2025-_-1-2048x1365.jpg 2048w, https:\/\/norceca.info\/wp-content\/uploads\/2025\/11\/CRC-Entrevista-_-U17-FEM-_-Continental-Championship-_-NOV-2025-_-1-18x12.jpg 18w\" sizes=\"auto, (max-width: 1024px) 100vw, 1024px\" \/><figcaption class=\"wp-element-caption\">Costa Rica<\/figcaption><\/figure>\n\n\n\n<p><strong>Carina Menes, Entrenadora de Cuba:<\/strong>&nbsp;\u201cEl equipo lleva dos meses de preparaci\u00f3n. No hemos tenido juegos de preparaci\u00f3n, pero vamos a luchar por quedar entre los primeros tres lugares del grupo para avanzar a la siguiente ronda. No ser\u00e1 una tarea f\u00e1cil porque es un grupo muy fuerte, pero las jugadoras tienen muchos deseos de ganar partidos. Traen el autoestima bien alta\u201d.<\/p>\n\n\n\n<figure class=\"wp-block-image aligncenter size-large\"><img loading=\"lazy\" decoding=\"async\" width=\"1024\" height=\"683\" src=\"https:\/\/norceca.info\/wp-content\/uploads\/2025\/11\/CUB-Entrevista-_-U17-FEM-_-Continental-Championship-_-NOV-2025-_-3-1024x683.jpg\" alt=\"\" class=\"wp-image-25536\" srcset=\"https:\/\/norceca.info\/wp-content\/uploads\/2025\/11\/CUB-Entrevista-_-U17-FEM-_-Continental-Championship-_-NOV-2025-_-3-1024x683.jpg 1024w, https:\/\/norceca.info\/wp-content\/uploads\/2025\/11\/CUB-Entrevista-_-U17-FEM-_-Continental-Championship-_-NOV-2025-_-3-300x200.jpg 300w, https:\/\/norceca.info\/wp-content\/uploads\/2025\/11\/CUB-Entrevista-_-U17-FEM-_-Continental-Championship-_-NOV-2025-_-3-768x512.jpg 768w, https:\/\/norceca.info\/wp-content\/uploads\/2025\/11\/CUB-Entrevista-_-U17-FEM-_-Continental-Championship-_-NOV-2025-_-3-1536x1024.jpg 1536w, https:\/\/norceca.info\/wp-content\/uploads\/2025\/11\/CUB-Entrevista-_-U17-FEM-_-Continental-Championship-_-NOV-2025-_-3-2048x1365.jpg 2048w, https:\/\/norceca.info\/wp-content\/uploads\/2025\/11\/CUB-Entrevista-_-U17-FEM-_-Continental-Championship-_-NOV-2025-_-3-18x12.jpg 18w\" sizes=\"auto, (max-width: 1024px) 100vw, 1024px\" \/><figcaption class=\"wp-element-caption\">Cuba<\/figcaption><\/figure>\n\n\n\n<p><strong>Marcelo Cezarano, Entrenador Rep\u00fablica Dominicana:<\/strong>&nbsp;\u201cEsta es la primera competencia de once jugadoras, nunca han jugado a nivel internacional y est\u00e1n ansiosas. El equipo est\u00e1 muy bien, se est\u00e1 entrenando fuerte. Tuvimos problemas para entrenar por el Hurac\u00e1n Melisa y cada jugadora trabaj\u00f3 desde su casa. Perdimos una jugadora muy importante (jugadora central) por una lesi\u00f3n, pero seguimos adelante. Vamos a buscar la clasificaci\u00f3n para el mundial. Ojal\u00e1 que todo salga bien, principalmente para ellas para que ganen madurez de juego\u201d.<\/p>\n\n\n\n<figure class=\"wp-block-image aligncenter size-large is-resized\"><img loading=\"lazy\" decoding=\"async\" width=\"1024\" height=\"683\" src=\"https:\/\/norceca.info\/wp-content\/uploads\/2025\/11\/DOM-Entrevista-_-U17-FEM-_-Continental-Championship-_-NOV-2025-_-1-1024x683.jpg\" alt=\"\" class=\"wp-image-25537\" style=\"width:1024px;height:auto\" srcset=\"https:\/\/norceca.info\/wp-content\/uploads\/2025\/11\/DOM-Entrevista-_-U17-FEM-_-Continental-Championship-_-NOV-2025-_-1-1024x683.jpg 1024w, https:\/\/norceca.info\/wp-content\/uploads\/2025\/11\/DOM-Entrevista-_-U17-FEM-_-Continental-Championship-_-NOV-2025-_-1-300x200.jpg 300w, https:\/\/norceca.info\/wp-content\/uploads\/2025\/11\/DOM-Entrevista-_-U17-FEM-_-Continental-Championship-_-NOV-2025-_-1-768x512.jpg 768w, https:\/\/norceca.info\/wp-content\/uploads\/2025\/11\/DOM-Entrevista-_-U17-FEM-_-Continental-Championship-_-NOV-2025-_-1-1536x1024.jpg 1536w, https:\/\/norceca.info\/wp-content\/uploads\/2025\/11\/DOM-Entrevista-_-U17-FEM-_-Continental-Championship-_-NOV-2025-_-1-2048x1365.jpg 2048w, https:\/\/norceca.info\/wp-content\/uploads\/2025\/11\/DOM-Entrevista-_-U17-FEM-_-Continental-Championship-_-NOV-2025-_-1-18x12.jpg 18w\" sizes=\"auto, (max-width: 1024px) 100vw, 1024px\" \/><figcaption class=\"wp-element-caption\">Rep\u00fablica Dominicana<\/figcaption><\/figure>\n\n\n\n<p><strong>Migdael Ruiz Ju\u00e1rez, Entrenadora de M\u00e9xico:<\/strong>&nbsp;\u201cTraemos una gran responsabilidad como campeonas defensoras del evento. El equipo viene bien preparado, con gente nueva y con muchas ganas, adem\u00e1s de nerviosismo. Es mi primer evento como entrenadora principal en un evento y estoy muy emocionada\u201d.<\/p>\n\n\n\n<figure class=\"wp-block-image aligncenter size-large\"><img loading=\"lazy\" decoding=\"async\" width=\"1024\" height=\"683\" src=\"https:\/\/norceca.info\/wp-content\/uploads\/2025\/11\/MEX-Entrevista-_-U17-FEM-_-Continental-Championship-_-NOV-2025-_-1-1024x683.jpg\" alt=\"\" class=\"wp-image-25538\" srcset=\"https:\/\/norceca.info\/wp-content\/uploads\/2025\/11\/MEX-Entrevista-_-U17-FEM-_-Continental-Championship-_-NOV-2025-_-1-1024x683.jpg 1024w, https:\/\/norceca.info\/wp-content\/uploads\/2025\/11\/MEX-Entrevista-_-U17-FEM-_-Continental-Championship-_-NOV-2025-_-1-300x200.jpg 300w, https:\/\/norceca.info\/wp-content\/uploads\/2025\/11\/MEX-Entrevista-_-U17-FEM-_-Continental-Championship-_-NOV-2025-_-1-768x512.jpg 768w, https:\/\/norceca.info\/wp-content\/uploads\/2025\/11\/MEX-Entrevista-_-U17-FEM-_-Continental-Championship-_-NOV-2025-_-1-1536x1024.jpg 1536w, https:\/\/norceca.info\/wp-content\/uploads\/2025\/11\/MEX-Entrevista-_-U17-FEM-_-Continental-Championship-_-NOV-2025-_-1-2048x1365.jpg 2048w, https:\/\/norceca.info\/wp-content\/uploads\/2025\/11\/MEX-Entrevista-_-U17-FEM-_-Continental-Championship-_-NOV-2025-_-1-18x12.jpg 18w\" sizes=\"auto, (max-width: 1024px) 100vw, 1024px\" \/><figcaption class=\"wp-element-caption\">M\u00e9xico,<\/figcaption><\/figure>\n\n\n\n<p><strong>Ernesto Ricolt Vega, Entrenador de Puerto Rico:<\/strong>&nbsp;\u201cNuestro objetivo es obtener una plaza al mundial. Hemos trabajado en la medida que hemos podido. Se ha trabajado fuerte y esperamos hacer un buen trabajo\u201d.<\/p>\n\n\n\n<figure class=\"wp-block-image aligncenter size-large\"><img loading=\"lazy\" decoding=\"async\" width=\"1024\" height=\"683\" src=\"https:\/\/norceca.info\/wp-content\/uploads\/2025\/11\/PUR-Entrevista-_-U17-FEM-_-Continental-Championship-_-NOV-2025-_-1-1024x683.jpg\" alt=\"\" class=\"wp-image-25540\" srcset=\"https:\/\/norceca.info\/wp-content\/uploads\/2025\/11\/PUR-Entrevista-_-U17-FEM-_-Continental-Championship-_-NOV-2025-_-1-1024x683.jpg 1024w, https:\/\/norceca.info\/wp-content\/uploads\/2025\/11\/PUR-Entrevista-_-U17-FEM-_-Continental-Championship-_-NOV-2025-_-1-300x200.jpg 300w, https:\/\/norceca.info\/wp-content\/uploads\/2025\/11\/PUR-Entrevista-_-U17-FEM-_-Continental-Championship-_-NOV-2025-_-1-768x512.jpg 768w, https:\/\/norceca.info\/wp-content\/uploads\/2025\/11\/PUR-Entrevista-_-U17-FEM-_-Continental-Championship-_-NOV-2025-_-1-1536x1024.jpg 1536w, https:\/\/norceca.info\/wp-content\/uploads\/2025\/11\/PUR-Entrevista-_-U17-FEM-_-Continental-Championship-_-NOV-2025-_-1-2048x1365.jpg 2048w, https:\/\/norceca.info\/wp-content\/uploads\/2025\/11\/PUR-Entrevista-_-U17-FEM-_-Continental-Championship-_-NOV-2025-_-1-18x12.jpg 18w\" sizes=\"auto, (max-width: 1024px) 100vw, 1024px\" \/><figcaption class=\"wp-element-caption\">Puerto Rico<\/figcaption><\/figure>\n\n\n\n<p><strong>Claudius Straal, Entrenador de Surinam<\/strong>&nbsp;\u201cNos sentimos confiados. Venimos de ganar el Campeonato CAZOVA Sub-17. Esperamos que nuestro desempe\u00f1o nos lleve a la siguiente ronda del evento. Buscamos clasificarnos al Campeonato Mundial, lo que ser\u00eda la primera vez que un equipo de Surinam lo logra\u201d.<\/p>\n\n\n\n<figure class=\"wp-block-image aligncenter size-large\"><img loading=\"lazy\" decoding=\"async\" width=\"1024\" height=\"683\" src=\"https:\/\/norceca.info\/wp-content\/uploads\/2025\/11\/SUR-Entrevista-_-U17-FEM-_-Continental-Championship-_-NOV-2025-_-3-1024x683.jpg\" alt=\"\" class=\"wp-image-25544\" srcset=\"https:\/\/norceca.info\/wp-content\/uploads\/2025\/11\/SUR-Entrevista-_-U17-FEM-_-Continental-Championship-_-NOV-2025-_-3-1024x683.jpg 1024w, https:\/\/norceca.info\/wp-content\/uploads\/2025\/11\/SUR-Entrevista-_-U17-FEM-_-Continental-Championship-_-NOV-2025-_-3-300x200.jpg 300w, https:\/\/norceca.info\/wp-content\/uploads\/2025\/11\/SUR-Entrevista-_-U17-FEM-_-Continental-Championship-_-NOV-2025-_-3-768x512.jpg 768w, https:\/\/norceca.info\/wp-content\/uploads\/2025\/11\/SUR-Entrevista-_-U17-FEM-_-Continental-Championship-_-NOV-2025-_-3-1536x1024.jpg 1536w, https:\/\/norceca.info\/wp-content\/uploads\/2025\/11\/SUR-Entrevista-_-U17-FEM-_-Continental-Championship-_-NOV-2025-_-3-2048x1365.jpg 2048w, https:\/\/norceca.info\/wp-content\/uploads\/2025\/11\/SUR-Entrevista-_-U17-FEM-_-Continental-Championship-_-NOV-2025-_-3-18x12.jpg 18w\" sizes=\"auto, (max-width: 1024px) 100vw, 1024px\" \/><figcaption class=\"wp-element-caption\">Suriname<\/figcaption><\/figure>\n\n\n\n<p><strong>Tayyiba Haneef-Park, entrenadora de Estados Unidos:\u00a0<\/strong>\u201cTuvimos una semana de entrenamiento en Colorado Springs y estamos muy emocionados por esta competencia. Siendo nuestro primer NORCECA Sub-17, estamos felices de competir con otros grandes equipos nacionales y esperamos sumar puntos hacia el Campeonato Mundial. Nuestro objetivo siempre es ganar, pero tambi\u00e9n tener una buena competencia y representar a nuestro pa\u00eds. Tenemos chicas j\u00f3venes incre\u00edbles, y brindarles la experiencia de lo que significa jugar a nivel internacional es un gran paso adelante.\u201d<\/p>\n\n\n\n<figure class=\"wp-block-image aligncenter size-large\"><img loading=\"lazy\" decoding=\"async\" width=\"1024\" height=\"683\" src=\"https:\/\/norceca.info\/wp-content\/uploads\/2025\/11\/USA-Entrevista-_-U17-FEM-_-Continental-Championship-_-NOV-2025-_-1-1024x683.jpg\" alt=\"\" class=\"wp-image-25545\" srcset=\"https:\/\/norceca.info\/wp-content\/uploads\/2025\/11\/USA-Entrevista-_-U17-FEM-_-Continental-Championship-_-NOV-2025-_-1-1024x683.jpg 1024w, https:\/\/norceca.info\/wp-content\/uploads\/2025\/11\/USA-Entrevista-_-U17-FEM-_-Continental-Championship-_-NOV-2025-_-1-300x200.jpg 300w, https:\/\/norceca.info\/wp-content\/uploads\/2025\/11\/USA-Entrevista-_-U17-FEM-_-Continental-Championship-_-NOV-2025-_-1-768x512.jpg 768w, https:\/\/norceca.info\/wp-content\/uploads\/2025\/11\/USA-Entrevista-_-U17-FEM-_-Continental-Championship-_-NOV-2025-_-1-1536x1024.jpg 1536w, https:\/\/norceca.info\/wp-content\/uploads\/2025\/11\/USA-Entrevista-_-U17-FEM-_-Continental-Championship-_-NOV-2025-_-1-2048x1365.jpg 2048w, https:\/\/norceca.info\/wp-content\/uploads\/2025\/11\/USA-Entrevista-_-U17-FEM-_-Continental-Championship-_-NOV-2025-_-1-18x12.jpg 18w\" sizes=\"auto, (max-width: 1024px) 100vw, 1024px\" \/><figcaption class=\"wp-element-caption\">Estados Unidos,<\/figcaption><\/figure>","protected":false},"excerpt":{"rendered":"<p>SAN JOS\u00c9, Costa Rica, November 3, 2025. \u2013 Eight national teams are set to clash in San Jos\u00e9, Costa Rica, from November 4 to 9, at the NORCECA U17 Girls\u2019 Continental Championship, where the dream of qualifying for the 2026 FIVB U17 Girls\u2019 World Championship is on the line. Coaches and players alike are gearing [&hellip;]<\/p>\n","protected":false},"author":5,"featured_media":25530,"comment_status":"open","ping_status":"open","sticky":false,"template":"","format":"standard","meta":{"_acf_changed":false,"footnotes":""},"categories":[7],"tags":[304,20,11],"class_list":["post-25529","post","type-post","status-publish","format-standard","has-post-thumbnail","hentry","category-volleyball","tag-2025-norceca-u17-girls-continental-championship","tag-norceca","tag-volleyball"],"acf":[],"_links":{"self":[{"href":"https:\/\/norceca.info\/es\/wp-json\/wp\/v2\/posts\/25529","targetHints":{"allow":["GET"]}}],"collection":[{"href":"https:\/\/norceca.info\/es\/wp-json\/wp\/v2\/posts"}],"about":[{"href":"https:\/\/norceca.info\/es\/wp-json\/wp\/v2\/types\/post"}],"author":[{"embeddable":true,"href":"https:\/\/norceca.info\/es\/wp-json\/wp\/v2\/users\/5"}],"replies":[{"embeddable":true,"href":"https:\/\/norceca.info\/es\/wp-json\/wp\/v2\/comments?post=25529"}],"version-history":[{"count":2,"href":"https:\/\/norceca.info\/es\/wp-json\/wp\/v2\/posts\/25529\/revisions"}],"predecessor-version":[{"id":25550,"href":"https:\/\/norceca.info\/es\/wp-json\/wp\/v2\/posts\/25529\/revisions\/25550"}],"wp:featuredmedia":[{"embeddable":true,"href":"https:\/\/norceca.info\/es\/wp-json\/wp\/v2\/media\/25530"}],"wp:attachment":[{"href":"https:\/\/norceca.info\/es\/wp-json\/wp\/v2\/media?parent=25529"}],"wp:term":[{"taxonomy":"category","embeddable":true,"href":"https:\/\/norceca.info\/es\/wp-json\/wp\/v2\/categories?post=25529"},{"taxonomy":"post_tag","embeddable":true,"href":"https:\/\/norceca.info\/es\/wp-json\/wp\/v2\/tags?post=25529"}],"curies":[{"name":"wp","href":"https:\/\/api.w.org\/{rel}","templated":true}]}}