{"id":26030,"date":"2025-11-17T17:52:00","date_gmt":"2025-11-17T17:52:00","guid":{"rendered":"https:\/\/norceca.info\/?p=26030"},"modified":"2025-11-18T00:01:19","modified_gmt":"2025-11-18T00:01:19","slug":"eight-teams-compete-for-the-title-at-the-norceca-u17-boys-continental-championship","status":"publish","type":"post","link":"https:\/\/norceca.info\/es\/eight-teams-compete-for-the-title-at-the-norceca-u17-boys-continental-championship\/","title":{"rendered":"Ocho equipos por el t\u00edtulo del NORCECA Continental Sub-17 de Varones"},"content":{"rendered":"<p>MANAGUA, Nicaragua, 17 de noviembre de 2025.- El II Campeonato Continental NORCECA de Voleibol Sub-17 Masculino iniciar\u00e1 este martes en el Polideportivo Alexis Arg\u00fcello de esta ciudad con ocho equipos en busca de la plaza para el mundial de la categor\u00eda el pr\u00f3ximo a\u00f1o.<\/p>\n\n\n\n<p>Los entrenadores est\u00e1n convencidos que es una categor\u00eda primordial para el desarrollo de los j\u00f3venes talentos, y todos ans\u00edan llevarse los mejores puestos que le permitan optar al boleto mundialista.<\/p>\n\n\n\n<p>Brandon Taliaferro, entrenador de Estados Unidos: \u201cEstamos listos para divertirnos y jugar muy fuerte. Vamos a intentar que todos tengan una gran experiencia aqu\u00ed, tanto en la cancha como fuera de ella. La idea es que los jugadores ganen experiencia, que vean c\u00f3mo funcionan los eventos oficiales de NORCECA y FIVB a nivel internacional. Este ser\u00e1 el primer torneo oficial para nuestros jugadores as\u00ed que es importante que logren sumar experiencia\u201d.<\/p>\n\n\n\n<figure class=\"wp-block-image aligncenter size-large\"><img loading=\"lazy\" decoding=\"async\" width=\"1024\" height=\"683\" src=\"https:\/\/norceca.info\/wp-content\/uploads\/2025\/11\/Entrevista-Preliminar-USA-Norceca-Continental-Sub-17-1-1024x683.jpg\" alt=\"\" class=\"wp-image-26032\" srcset=\"https:\/\/norceca.info\/wp-content\/uploads\/2025\/11\/Entrevista-Preliminar-USA-Norceca-Continental-Sub-17-1-1024x683.jpg 1024w, https:\/\/norceca.info\/wp-content\/uploads\/2025\/11\/Entrevista-Preliminar-USA-Norceca-Continental-Sub-17-1-300x200.jpg 300w, https:\/\/norceca.info\/wp-content\/uploads\/2025\/11\/Entrevista-Preliminar-USA-Norceca-Continental-Sub-17-1-768x512.jpg 768w, https:\/\/norceca.info\/wp-content\/uploads\/2025\/11\/Entrevista-Preliminar-USA-Norceca-Continental-Sub-17-1-1536x1024.jpg 1536w, https:\/\/norceca.info\/wp-content\/uploads\/2025\/11\/Entrevista-Preliminar-USA-Norceca-Continental-Sub-17-1-2048x1365.jpg 2048w, https:\/\/norceca.info\/wp-content\/uploads\/2025\/11\/Entrevista-Preliminar-USA-Norceca-Continental-Sub-17-1-18x12.jpg 18w\" sizes=\"auto, (max-width: 1024px) 100vw, 1024px\" \/><figcaption class=\"wp-element-caption\">Estados Unidos<\/figcaption><\/figure>\n\n\n\n<p>Francisco Lerebours, entrenador de Rep\u00fablica Dominicana: \u201cRepresentamos un nuevo proyecto de Rep\u00fablica Dominicana y tenemos buenas expectativas, de verdad que s\u00ed. Esperamos quedar dentro de los cinco puestos y seguir el desarrollo de estos nuevos j\u00f3venes que tienen una proyecci\u00f3n hasta el 2028 en toda competencia internacional. Esta categor\u00eda es s\u00faper importante porque es la base; si cada Federaci\u00f3n no tiene esa base, no tiene proyecto, entonces este es el proyecto de Rep\u00fablica Dominicana que se intenta trabajar para un buen futuro\u201d.<\/p>\n\n\n\n<figure class=\"wp-block-image aligncenter size-large\"><img loading=\"lazy\" decoding=\"async\" width=\"1024\" height=\"683\" src=\"https:\/\/norceca.info\/wp-content\/uploads\/2025\/11\/Entrevista-Preliminar-DOM.-Norceca-Continental-Sub-17-1-1024x683.jpg\" alt=\"\" class=\"wp-image-26033\" srcset=\"https:\/\/norceca.info\/wp-content\/uploads\/2025\/11\/Entrevista-Preliminar-DOM.-Norceca-Continental-Sub-17-1-1024x683.jpg 1024w, https:\/\/norceca.info\/wp-content\/uploads\/2025\/11\/Entrevista-Preliminar-DOM.-Norceca-Continental-Sub-17-1-300x200.jpg 300w, https:\/\/norceca.info\/wp-content\/uploads\/2025\/11\/Entrevista-Preliminar-DOM.-Norceca-Continental-Sub-17-1-768x512.jpg 768w, https:\/\/norceca.info\/wp-content\/uploads\/2025\/11\/Entrevista-Preliminar-DOM.-Norceca-Continental-Sub-17-1-1536x1024.jpg 1536w, https:\/\/norceca.info\/wp-content\/uploads\/2025\/11\/Entrevista-Preliminar-DOM.-Norceca-Continental-Sub-17-1-2048x1365.jpg 2048w, https:\/\/norceca.info\/wp-content\/uploads\/2025\/11\/Entrevista-Preliminar-DOM.-Norceca-Continental-Sub-17-1-18x12.jpg 18w\" sizes=\"auto, (max-width: 1024px) 100vw, 1024px\" \/><figcaption class=\"wp-element-caption\">DOM<\/figcaption><\/figure>\n\n\n\n<p>Joa Liam Sem Estrada, entrenador de Cuba. \u201cSiempre nuestros objetivos son los mismos en cada torneo, lograr el boleto de clasificaci\u00f3n. Esta vez es el boleto al campeonato mundial y venir como equipo a mejorar, a que los muchachos no solamente se diviertan, sino que aprendan a jugar voleibol y clasificar. Ellos vienen con la perspectiva de crecer en su voleibol y en un futuro cercano asistir a los campeonatos de las diferentes categor\u00edas\u201d.<\/p>\n\n\n\n<figure class=\"wp-block-image aligncenter size-large\"><img loading=\"lazy\" decoding=\"async\" width=\"1024\" height=\"683\" src=\"https:\/\/norceca.info\/wp-content\/uploads\/2025\/11\/Entrevista-Preliminar-CUB.-Norceca-Continental-Sub-17-2-1024x683.jpg\" alt=\"\" class=\"wp-image-26034\" srcset=\"https:\/\/norceca.info\/wp-content\/uploads\/2025\/11\/Entrevista-Preliminar-CUB.-Norceca-Continental-Sub-17-2-1024x683.jpg 1024w, https:\/\/norceca.info\/wp-content\/uploads\/2025\/11\/Entrevista-Preliminar-CUB.-Norceca-Continental-Sub-17-2-300x200.jpg 300w, https:\/\/norceca.info\/wp-content\/uploads\/2025\/11\/Entrevista-Preliminar-CUB.-Norceca-Continental-Sub-17-2-768x512.jpg 768w, https:\/\/norceca.info\/wp-content\/uploads\/2025\/11\/Entrevista-Preliminar-CUB.-Norceca-Continental-Sub-17-2-1536x1024.jpg 1536w, https:\/\/norceca.info\/wp-content\/uploads\/2025\/11\/Entrevista-Preliminar-CUB.-Norceca-Continental-Sub-17-2-2048x1365.jpg 2048w, https:\/\/norceca.info\/wp-content\/uploads\/2025\/11\/Entrevista-Preliminar-CUB.-Norceca-Continental-Sub-17-2-18x12.jpg 18w\" sizes=\"auto, (max-width: 1024px) 100vw, 1024px\" \/><figcaption class=\"wp-element-caption\">CUB<\/figcaption><\/figure>\n\n\n\n<p>Walter Jenkins, entrenador de Costa Rica: \u201cLos chicos vienen muy emocionados. Nosotros los entrenadores tambi\u00e9n porque hemos venido trabajando desde marzo, m\u00e1s o menos, entonces la expectativa es tomar un buen lugar en el torneo. Es importante la ense\u00f1anza que pueda dar porque dentro de este grupo de los 12 muchachos, solo hay uno que ya tuvo una experiencia previa, los otros vienen totalmente sin experiencia, por lo menos en eventos internacionales de esta \u00edndole\u201d.<\/p>\n\n\n\n<figure class=\"wp-block-image aligncenter size-large\"><img loading=\"lazy\" decoding=\"async\" width=\"1024\" height=\"683\" src=\"https:\/\/norceca.info\/wp-content\/uploads\/2025\/11\/Entrevista-Preliminar-CRC.-Norceca-Continental-Sub-17-4-1024x683.jpg\" alt=\"\" class=\"wp-image-26035\" srcset=\"https:\/\/norceca.info\/wp-content\/uploads\/2025\/11\/Entrevista-Preliminar-CRC.-Norceca-Continental-Sub-17-4-1024x683.jpg 1024w, https:\/\/norceca.info\/wp-content\/uploads\/2025\/11\/Entrevista-Preliminar-CRC.-Norceca-Continental-Sub-17-4-300x200.jpg 300w, https:\/\/norceca.info\/wp-content\/uploads\/2025\/11\/Entrevista-Preliminar-CRC.-Norceca-Continental-Sub-17-4-768x512.jpg 768w, https:\/\/norceca.info\/wp-content\/uploads\/2025\/11\/Entrevista-Preliminar-CRC.-Norceca-Continental-Sub-17-4-1536x1024.jpg 1536w, https:\/\/norceca.info\/wp-content\/uploads\/2025\/11\/Entrevista-Preliminar-CRC.-Norceca-Continental-Sub-17-4-2048x1365.jpg 2048w, https:\/\/norceca.info\/wp-content\/uploads\/2025\/11\/Entrevista-Preliminar-CRC.-Norceca-Continental-Sub-17-4-18x12.jpg 18w\" sizes=\"auto, (max-width: 1024px) 100vw, 1024px\" \/><figcaption class=\"wp-element-caption\">CRC<\/figcaption><\/figure>\n\n\n\n<p>Hern\u00e1n Torres, entrenador de Puerto Rico: \u201cTenemos un grupo de ni\u00f1os nuevos donde estamos buscando que comiencen esta proyecci\u00f3n internacional. Hemos buscado en Puerto Rico el mejor talento, la mayor altura posible para poder llevar este proceso a un alto nivel, que ellos puedan venir a luchar a esta competici\u00f3n. Estamos buscando cualidades de estos ni\u00f1os para que puedan subir a la selecci\u00f3n adulta m\u00e1s adelante\u201d.<\/p>\n\n\n\n<figure class=\"wp-block-image aligncenter size-large\"><img loading=\"lazy\" decoding=\"async\" width=\"1024\" height=\"683\" src=\"https:\/\/norceca.info\/wp-content\/uploads\/2025\/11\/Entrevista-Preliminar-PUR.-Norceca-Continental-Sub-17-3-1024x683.jpg\" alt=\"\" class=\"wp-image-26036\" srcset=\"https:\/\/norceca.info\/wp-content\/uploads\/2025\/11\/Entrevista-Preliminar-PUR.-Norceca-Continental-Sub-17-3-1024x683.jpg 1024w, https:\/\/norceca.info\/wp-content\/uploads\/2025\/11\/Entrevista-Preliminar-PUR.-Norceca-Continental-Sub-17-3-300x200.jpg 300w, https:\/\/norceca.info\/wp-content\/uploads\/2025\/11\/Entrevista-Preliminar-PUR.-Norceca-Continental-Sub-17-3-768x512.jpg 768w, https:\/\/norceca.info\/wp-content\/uploads\/2025\/11\/Entrevista-Preliminar-PUR.-Norceca-Continental-Sub-17-3-1536x1024.jpg 1536w, https:\/\/norceca.info\/wp-content\/uploads\/2025\/11\/Entrevista-Preliminar-PUR.-Norceca-Continental-Sub-17-3-2048x1365.jpg 2048w, https:\/\/norceca.info\/wp-content\/uploads\/2025\/11\/Entrevista-Preliminar-PUR.-Norceca-Continental-Sub-17-3-18x12.jpg 18w\" sizes=\"auto, (max-width: 1024px) 100vw, 1024px\" \/><figcaption class=\"wp-element-caption\">PUR<\/figcaption><\/figure>\n\n\n\n<p>Denis Rivera, entrenador de M\u00e9xico: \u201cEstamos contentos por el trabajo que han venido realizando los chicos para estar ac\u00e1. Sabemos que es la primera edad para este tipo de torneos y estamos motivados y preparados para iniciar el evento. Hace dos a\u00f1os que fue el primer mundial Sub-17 se vio bastante nivel y creo que esta edad es importante para impulsar el desarrollo de los atletas\u201d.<\/p>\n\n\n\n<figure class=\"wp-block-image aligncenter size-large\"><img loading=\"lazy\" decoding=\"async\" width=\"1024\" height=\"683\" src=\"https:\/\/norceca.info\/wp-content\/uploads\/2025\/11\/Entrevist-Preliminar-MEX.-Norceca-Continental-Sub-17-1-1024x683.jpg\" alt=\"\" class=\"wp-image-26037\" srcset=\"https:\/\/norceca.info\/wp-content\/uploads\/2025\/11\/Entrevist-Preliminar-MEX.-Norceca-Continental-Sub-17-1-1024x683.jpg 1024w, https:\/\/norceca.info\/wp-content\/uploads\/2025\/11\/Entrevist-Preliminar-MEX.-Norceca-Continental-Sub-17-1-300x200.jpg 300w, https:\/\/norceca.info\/wp-content\/uploads\/2025\/11\/Entrevist-Preliminar-MEX.-Norceca-Continental-Sub-17-1-768x512.jpg 768w, https:\/\/norceca.info\/wp-content\/uploads\/2025\/11\/Entrevist-Preliminar-MEX.-Norceca-Continental-Sub-17-1-1536x1024.jpg 1536w, https:\/\/norceca.info\/wp-content\/uploads\/2025\/11\/Entrevist-Preliminar-MEX.-Norceca-Continental-Sub-17-1-2048x1365.jpg 2048w, https:\/\/norceca.info\/wp-content\/uploads\/2025\/11\/Entrevist-Preliminar-MEX.-Norceca-Continental-Sub-17-1-18x12.jpg 18w\" sizes=\"auto, (max-width: 1024px) 100vw, 1024px\" \/><figcaption class=\"wp-element-caption\">MEX<\/figcaption><\/figure>\n\n\n\n<p>Elwyn Oxley, entrenador de Barbados: \u201cMis expectativas de que lo hagan bien son muy altas. Hemos recorrido un largo camino para estar aqu\u00ed, ya que nos tuvimos que clasificar y ganamos en nuestra zona. Los chicos est\u00e1n emocionados y creo que se han ganado ese derecho. Como entrenador me gusta especialmente que me digan que quieren jugar al voleibol y que quieren llevarse una bonita experiencia. Estos j\u00f3venes juegan al voleibol en primera divisi\u00f3n en sus respectivos clubes, que es la divisi\u00f3n m\u00e1s alta que tenemos. Tambi\u00e9n juegan en los torneos de las escuelas Sub-19. Los chicos est\u00e1n totalmente equipados, bien preparados y listos para concentrarse, dedicarse y ser disciplinados\u201d.<\/p>\n\n\n\n<figure class=\"wp-block-image aligncenter size-large is-resized\"><img loading=\"lazy\" decoding=\"async\" width=\"1024\" height=\"683\" src=\"https:\/\/norceca.info\/wp-content\/uploads\/2025\/11\/Entrevista-Preliminar-BAR.-Norceca-Continental-Sub-17-1-1024x683.jpg\" alt=\"\" class=\"wp-image-26038\" style=\"width:1027px;height:auto\" srcset=\"https:\/\/norceca.info\/wp-content\/uploads\/2025\/11\/Entrevista-Preliminar-BAR.-Norceca-Continental-Sub-17-1-1024x683.jpg 1024w, https:\/\/norceca.info\/wp-content\/uploads\/2025\/11\/Entrevista-Preliminar-BAR.-Norceca-Continental-Sub-17-1-300x200.jpg 300w, https:\/\/norceca.info\/wp-content\/uploads\/2025\/11\/Entrevista-Preliminar-BAR.-Norceca-Continental-Sub-17-1-768x512.jpg 768w, https:\/\/norceca.info\/wp-content\/uploads\/2025\/11\/Entrevista-Preliminar-BAR.-Norceca-Continental-Sub-17-1-1536x1024.jpg 1536w, https:\/\/norceca.info\/wp-content\/uploads\/2025\/11\/Entrevista-Preliminar-BAR.-Norceca-Continental-Sub-17-1-2048x1365.jpg 2048w, https:\/\/norceca.info\/wp-content\/uploads\/2025\/11\/Entrevista-Preliminar-BAR.-Norceca-Continental-Sub-17-1-18x12.jpg 18w\" sizes=\"auto, (max-width: 1024px) 100vw, 1024px\" \/><figcaption class=\"wp-element-caption\">BAR<\/figcaption><\/figure>\n\n\n\n<p>Jorge Mena, entrenador de Nicaragua: \u201cSomos sede, nos hemos preparado casi todo el a\u00f1o para este evento. Hemos tenido dificultades con los ni\u00f1os, pero hemos tratado de conformar un equipo competitivo. Sabemos la calidad del evento, pero trataremos de hacer un buen papel en este torneo. Esta categor\u00eda es formativa, tratamos de buscar los mejores elementos para el futuro, un atleta que m\u00e1s adelante sea el reemplazo de un jugador que est\u00e1 ah\u00ed arriba\u201d.<\/p>\n\n\n\n<figure class=\"wp-block-image aligncenter size-large\"><img loading=\"lazy\" decoding=\"async\" width=\"1024\" height=\"683\" src=\"https:\/\/norceca.info\/wp-content\/uploads\/2025\/11\/Entrevista-Preliminar-NCA.-Norceca-Continental-Sub-17-4-1024x683.jpg\" alt=\"\" class=\"wp-image-26039\" srcset=\"https:\/\/norceca.info\/wp-content\/uploads\/2025\/11\/Entrevista-Preliminar-NCA.-Norceca-Continental-Sub-17-4-1024x683.jpg 1024w, https:\/\/norceca.info\/wp-content\/uploads\/2025\/11\/Entrevista-Preliminar-NCA.-Norceca-Continental-Sub-17-4-300x200.jpg 300w, https:\/\/norceca.info\/wp-content\/uploads\/2025\/11\/Entrevista-Preliminar-NCA.-Norceca-Continental-Sub-17-4-768x512.jpg 768w, https:\/\/norceca.info\/wp-content\/uploads\/2025\/11\/Entrevista-Preliminar-NCA.-Norceca-Continental-Sub-17-4-1536x1024.jpg 1536w, https:\/\/norceca.info\/wp-content\/uploads\/2025\/11\/Entrevista-Preliminar-NCA.-Norceca-Continental-Sub-17-4-2048x1365.jpg 2048w, https:\/\/norceca.info\/wp-content\/uploads\/2025\/11\/Entrevista-Preliminar-NCA.-Norceca-Continental-Sub-17-4-18x12.jpg 18w\" sizes=\"auto, (max-width: 1024px) 100vw, 1024px\" \/><figcaption class=\"wp-element-caption\">NCA<\/figcaption><\/figure>\n\n\n\n<p>La primera jornada ser\u00e1 este martes:<\/p>\n\n\n\n<p>2:00 pm \u2013 M\u00e9xico vs Estados Unidos<br>4:00 pm \u2013 Cuba vs Rep\u00fablica Dominicana<br>6:00 pm \u2013 Puerto Rico vs Costa Rica<br>Inauguraci\u00f3n<br>8:00 pm \u2013 Nicaragua vs Barbados<\/p>","protected":false},"excerpt":{"rendered":"<p>MANAGUA, Nicaragua, November 17, 2025. \u2013 The second edition of the NORCECA U17 Boys&#8217; Continental Volleyball Championship will begin this Tuesday at the Alexis Arg\u00fcello Sports Complex in this city, with eight teams vying for a spot at next year\u2019s World Championship. Coaches are convinced that this is a key&nbsp;age group&nbsp;for the development of young [&hellip;]<\/p>\n","protected":false},"author":5,"featured_media":26031,"comment_status":"open","ping_status":"open","sticky":false,"template":"","format":"standard","meta":{"_acf_changed":false,"footnotes":""},"categories":[7],"tags":[305,20,11],"class_list":["post-26030","post","type-post","status-publish","format-standard","has-post-thumbnail","hentry","category-volleyball","tag-2025-norceca-u17-boys-continental-championship","tag-norceca","tag-volleyball"],"acf":[],"_links":{"self":[{"href":"https:\/\/norceca.info\/es\/wp-json\/wp\/v2\/posts\/26030","targetHints":{"allow":["GET"]}}],"collection":[{"href":"https:\/\/norceca.info\/es\/wp-json\/wp\/v2\/posts"}],"about":[{"href":"https:\/\/norceca.info\/es\/wp-json\/wp\/v2\/types\/post"}],"author":[{"embeddable":true,"href":"https:\/\/norceca.info\/es\/wp-json\/wp\/v2\/users\/5"}],"replies":[{"embeddable":true,"href":"https:\/\/norceca.info\/es\/wp-json\/wp\/v2\/comments?post=26030"}],"version-history":[{"count":1,"href":"https:\/\/norceca.info\/es\/wp-json\/wp\/v2\/posts\/26030\/revisions"}],"predecessor-version":[{"id":26040,"href":"https:\/\/norceca.info\/es\/wp-json\/wp\/v2\/posts\/26030\/revisions\/26040"}],"wp:featuredmedia":[{"embeddable":true,"href":"https:\/\/norceca.info\/es\/wp-json\/wp\/v2\/media\/26031"}],"wp:attachment":[{"href":"https:\/\/norceca.info\/es\/wp-json\/wp\/v2\/media?parent=26030"}],"wp:term":[{"taxonomy":"category","embeddable":true,"href":"https:\/\/norceca.info\/es\/wp-json\/wp\/v2\/categories?post=26030"},{"taxonomy":"post_tag","embeddable":true,"href":"https:\/\/norceca.info\/es\/wp-json\/wp\/v2\/tags?post=26030"}],"curies":[{"name":"wp","href":"https:\/\/api.w.org\/{rel}","templated":true}]}}