{"id":2737,"date":"2022-10-03T17:53:00","date_gmt":"2022-10-03T17:53:00","guid":{"rendered":"https:\/\/norceca.kinsta.cloud\/?p=2737"},"modified":"2022-10-04T17:57:49","modified_gmt":"2022-10-04T17:57:49","slug":"cuba-defeated-a-combative-haiti-at-the-u21-pan-american-cup","status":"publish","type":"post","link":"https:\/\/norceca.info\/es\/cuba-defeated-a-combative-haiti-at-the-u21-pan-american-cup\/","title":{"rendered":"Cuba derrot\u00f3 a un combativo Hait\u00ed en Copa Panamericana Sub-21"},"content":{"rendered":"<p>LA HABANA, Cuba, 3 de octubre de 2022.- Cuba derrot\u00f3 a su similar de Hait\u00ed 3-1 en el cierre de la primera jornada de la Copa Panamericana Masculina Sub-21, tras subir de tono cuando los visitantes sorprendieron a los de casa frente a su afici\u00f3n, reunida en el coliseo de la Ciudad Deportiva.<\/p>\n\n\n\n<p>En encuentro del grupo B, los anfitriones debieron calmar el nerviosismo y organizar su juego para detener el entusiasmo de sus rivales y finalmente accionaron a tono con su verdadero nivel para imponerse con marcadores de 18-25, 25-17, 25-12 y 25-11.<\/p>\n\n\n\n<p>Tras el desenlace las ventajas de los locales fueron evidentes en ataques (47-27), bloqueos (9-4) y servicio (12-3), aunque cometieron m\u00e1s errores propios que Hait\u00ed (31-24).<\/p>\n\n\n\n<p>El opuesto Alejandro Miguel Gonz\u00e1lez, mundialista en sub-19 y sub-21, result\u00f3 el m\u00e1ximo anotador del juego y de la primera fecha con 25 puntos, seguido del jugador de esquina Bryan Camino con 17, \u00fanicos con doble d\u00edgitos por Cuba, en tanto por los contrarios lo logr\u00f3 el opuesto Estakend Beauvoir (11).<\/p>\n\n\n\n<p><strong><a href=\"https:\/\/norceca.info\/es\/event\/u21-men-pan-american-cup\/\">Tournament Page<\/a><\/strong><\/p>\n\n\n\n<figure class=\"wp-block-image size-large\"><img loading=\"lazy\" decoding=\"async\" width=\"1024\" height=\"685\" src=\"https:\/\/norceca.info\/wp-content\/uploads\/2022\/10\/Hatians-celebrating-1024x685.jpg\" alt=\"\" class=\"wp-image-2740\" srcset=\"https:\/\/norceca.info\/wp-content\/uploads\/2022\/10\/Hatians-celebrating-1024x685.jpg 1024w, https:\/\/norceca.info\/wp-content\/uploads\/2022\/10\/Hatians-celebrating-300x201.jpg 300w, https:\/\/norceca.info\/wp-content\/uploads\/2022\/10\/Hatians-celebrating-768x513.jpg 768w, https:\/\/norceca.info\/wp-content\/uploads\/2022\/10\/Hatians-celebrating-1536x1027.jpg 1536w, https:\/\/norceca.info\/wp-content\/uploads\/2022\/10\/Hatians-celebrating-2048x1369.jpg 2048w, https:\/\/norceca.info\/wp-content\/uploads\/2022\/10\/Hatians-celebrating-18x12.jpg 18w\" sizes=\"auto, (max-width: 1024px) 100vw, 1024px\" \/><figcaption><em>Hatianos celebrando<\/em><\/figcaption><\/figure>\n\n\n\n<p>Jes\u00fas Cruz, entrenador cubano, coment\u00f3 que \u201cfue evidente el nerviosismo y la tensi\u00f3n, cometimos m\u00e1s de 14 faltas en el primer set, fallamos casi todos los saques. Parece que impact\u00f3 mucho jugar en la Ciudad Deportiva con ambiente competitivo por el p\u00fablico, la m\u00fasica, todo eso es nuevo para ello. En los dos primeros juegos es el momento de liberar todas esas tensiones, despu\u00e9s no podemos darnos ese lujo frente a Canad\u00e1\u201d. &nbsp;<\/p>\n\n\n\n<p>Yonni Iglesias, el capit\u00e1n local, dijo \u201cnos confiamos un poco al ver un equipo muy inferior, pero a partir del segundo supimos reponernos. A partir de ma\u00f1ana salimos m\u00e1s seguros, contentos, hacer el juego de nosotros y luchar por obtener el primer lugar del torneo\u201d. &nbsp;<\/p>\n\n\n\n<p>El entrenador de Hait\u00ed, Junior Siecle, expres\u00f3 su alegr\u00eda al expresar que \u201cestoy contento por el buen primer parcial, pero sab\u00eda que Cuba f\u00edsicamente est\u00e1 mejor preparada y sali\u00f3 a la palestra la diferencia con mi equipo. Ma\u00f1ana enfrentamos a Canad\u00e1, no vamos a tener tiempo suficiente de descanso, pero buscaremos el progreso del equipo y se metan a\u00fan m\u00e1s en la competencia\u201d.<\/p>\n\n\n\n<p>El capit\u00e1n visitante Dieulengy Relis declar\u00f3 que \u201ccuando empezamos no lo tomamos a la ligera, le entramos con todas las fuerzas, pero sab\u00edamos que es un equipo superior. Estoy feliz, sabemos que era dif\u00edcil obtener la victoria, pero estamos muy contentos\u201d.<\/p>\n\n\n\n<div data-wp-interactive=\"core\/file\" class=\"wp-block-file\"><object data-wp-bind--hidden=\"!state.hasPdfPreview\" hidden class=\"wp-block-file__embed\" data=\"https:\/\/norceca.info\/wp-content\/uploads\/2022\/10\/P2-MATCH-4.pdf\" type=\"application\/pdf\" style=\"width:100%;height:200px\" aria-label=\"Incrustado de Embed of P2-MATCH-4..\"><\/object><a id=\"wp-block-file--media-0ed366f2-3267-4795-b242-cd100fffe35f\" href=\"https:\/\/norceca.info\/wp-content\/uploads\/2022\/10\/P2-MATCH-4.pdf\">P2-MATCH-4<\/a><a href=\"https:\/\/norceca.info\/wp-content\/uploads\/2022\/10\/P2-MATCH-4.pdf\" class=\"wp-block-file__button\" download aria-describedby=\"wp-block-file--media-0ed366f2-3267-4795-b242-cd100fffe35f\">Download<\/a><\/div>\n\n\n\n<div data-wp-interactive=\"core\/file\" class=\"wp-block-file\"><object data-wp-bind--hidden=\"!state.hasPdfPreview\" hidden class=\"wp-block-file__embed\" data=\"https:\/\/norceca.info\/wp-content\/uploads\/2022\/10\/M21PAN22-Match-4-P-3-Match-players-ranking.pdf\" type=\"application\/pdf\" style=\"width:100%;height:200px\" aria-label=\"Incrustado de Embed of M21PAN22-Match-4-P-3-Match-players-ranking..\"><\/object><a id=\"wp-block-file--media-744abbed-97e4-43fd-8982-9eedf69222d5\" href=\"https:\/\/norceca.info\/wp-content\/uploads\/2022\/10\/M21PAN22-Match-4-P-3-Match-players-ranking.pdf\">M21PAN22-Match-4-P-3-Match-players-ranking<\/a><a href=\"https:\/\/norceca.info\/wp-content\/uploads\/2022\/10\/M21PAN22-Match-4-P-3-Match-players-ranking.pdf\" class=\"wp-block-file__button\" download aria-describedby=\"wp-block-file--media-744abbed-97e4-43fd-8982-9eedf69222d5\">Download<\/a><\/div>","protected":false},"excerpt":{"rendered":"<p>LA HABANA, Cuba, 3 de octubre de 2022.- Cuba derrot\u00f3 a su similar de Hait\u00ed 3-1 en el cierre de la primera jornada de la Copa Panamericana Masculina Sub-21, tras subir de tono cuando los visitantes sorprendieron a los de casa frente a su afici\u00f3n, reunida en el coliseo de la Ciudad Deportiva. <\/p>","protected":false},"author":5,"featured_media":2741,"comment_status":"open","ping_status":"open","sticky":false,"template":"","format":"standard","meta":{"_acf_changed":false,"footnotes":""},"categories":[7],"tags":[43,20,11],"class_list":["post-2737","post","type-post","status-publish","format-standard","has-post-thumbnail","hentry","category-volleyball","tag-2022-u21-men-pan-am-cup","tag-norceca","tag-volleyball"],"acf":[],"_links":{"self":[{"href":"https:\/\/norceca.info\/es\/wp-json\/wp\/v2\/posts\/2737","targetHints":{"allow":["GET"]}}],"collection":[{"href":"https:\/\/norceca.info\/es\/wp-json\/wp\/v2\/posts"}],"about":[{"href":"https:\/\/norceca.info\/es\/wp-json\/wp\/v2\/types\/post"}],"author":[{"embeddable":true,"href":"https:\/\/norceca.info\/es\/wp-json\/wp\/v2\/users\/5"}],"replies":[{"embeddable":true,"href":"https:\/\/norceca.info\/es\/wp-json\/wp\/v2\/comments?post=2737"}],"version-history":[{"count":1,"href":"https:\/\/norceca.info\/es\/wp-json\/wp\/v2\/posts\/2737\/revisions"}],"predecessor-version":[{"id":2742,"href":"https:\/\/norceca.info\/es\/wp-json\/wp\/v2\/posts\/2737\/revisions\/2742"}],"wp:featuredmedia":[{"embeddable":true,"href":"https:\/\/norceca.info\/es\/wp-json\/wp\/v2\/media\/2741"}],"wp:attachment":[{"href":"https:\/\/norceca.info\/es\/wp-json\/wp\/v2\/media?parent=2737"}],"wp:term":[{"taxonomy":"category","embeddable":true,"href":"https:\/\/norceca.info\/es\/wp-json\/wp\/v2\/categories?post=2737"},{"taxonomy":"post_tag","embeddable":true,"href":"https:\/\/norceca.info\/es\/wp-json\/wp\/v2\/tags?post=2737"}],"curies":[{"name":"wp","href":"https:\/\/api.w.org\/{rel}","templated":true}]}}