{"id":27937,"date":"2026-04-27T09:35:00","date_gmt":"2026-04-27T09:35:00","guid":{"rendered":"https:\/\/norceca.info\/?p=27937"},"modified":"2026-04-27T14:38:58","modified_gmt":"2026-04-27T14:38:58","slug":"el-salvador-to-host-the-central-american-u17-and-u19-beach-volleyball-championships","status":"publish","type":"post","link":"https:\/\/norceca.info\/es\/el-salvador-to-host-the-central-american-u17-and-u19-beach-volleyball-championships\/","title":{"rendered":"El Salvador recibe los Campeonatos Centroamericanos Sub-17 y Sub-19 de Voleibol de Playa"},"content":{"rendered":"<p>SAN SALVADOR, El Salvador, 27 de abril de 2026.- El Salvador se prepara para recibir una nueva edici\u00f3n de los Campeonatos Centroamericanos Sub-17 y Sub-19 de Voleibol de Playa de AFECAVOL, que se disputar\u00e1n de manera simult\u00e1nea en el Estadio de Deportes de Playa de San Salvador del 1 al 3 de mayo.<\/p>\n\n\n\n<p>El evento marcar\u00e1 un hito al celebrarse por primera vez fuera de Costa Rica, pa\u00eds que hab\u00eda albergado todas las ediciones anteriores, reflejando el crecimiento y la expansi\u00f3n del voleibol de playa en la regi\u00f3n.<\/p>\n\n\n\n<p>La competencia corresponde a la tercera edici\u00f3n del torneo Sub-17 y a la cuarta del Sub-19, categor\u00edas que contin\u00faan consolid\u00e1ndose como plataforma clave para el desarrollo de talentos juveniles en Centroam\u00e9rica.<\/p>\n\n\n\n<p><a href=\"https:\/\/www.afecavol.org\/eventos\/2026\/04\/iii-campeonato-centroamericano-sub-17-de-voleibol-de-playa.aspx\" target=\"_blank\" rel=\"noreferrer noopener\"><strong>III CENTROAMERICANO SUB-17 VOLEIBOL DE PLAYA<\/strong><\/a><\/p>\n\n\n\n<p><a href=\"https:\/\/www.afecavol.org\/eventos\/2026\/04\/iv-campeonato-centroamericano-sub-19-de-voleibol-de-playa.aspx\" target=\"_blank\" rel=\"noreferrer noopener\"><strong>IV CENTROAMERICANO SUB-19 VOLEIBOL DE PLAYA<\/strong><\/a><\/p>\n\n\n\n<p>En la edici\u00f3n m\u00e1s reciente, disputada en 2024, El Salvador y Costa Rica se repartieron los m\u00e1ximos honores. Las salvadore\u00f1as F\u00e1tima Rend\u00f3n y D\u00e9vora Medina se coronaron campeonas en Sub-17 femenino, mientras que los costarricenses Cristian Oporta y \u00c1ngel Carranza dominaron en masculino. Por su parte, Costa Rica impuso su jerarqu\u00eda en la categor\u00eda Sub-19, conquistando ambos t\u00edtulos con las duplas de Valentina Molina y Sof\u00eda Vega, y Juli\u00e1n Araya y Stanley.<\/p>\n\n\n\n<p>Para esta edici\u00f3n, adem\u00e1s del anfitri\u00f3n El Salvador, estar\u00e1n en competencia equipos de Costa Rica, Guatemala, Honduras y Nicaragua, en un torneo que promete un alto nivel competitivo y una intensa disputa por los t\u00edtulos regionales.<\/p>\n\n\n\n<p>El ingreso de las delegaciones est\u00e1 programado para el mi\u00e9rcoles 29 de abril, mientras que el jueves 30 se llevar\u00e1 a cabo la reuni\u00f3n preliminar, el registro oficial de los equipos y el reconocimiento de cancha. Las acciones en la arena iniciar\u00e1n el viernes 1 y se extender\u00e1n hasta el domingo 3 de mayo.<\/p>","protected":false},"excerpt":{"rendered":"<p>SAN SALVADOR, El Salvador, April 27, 2026.-&nbsp;El Salvador is set to host a new edition of the AFECAVOL Central American U17 and U19 Beach Volleyball Championships, which will be held simultaneously at the Beach Sports Stadium in San Salvador from May 1 to 3. The event marks a milestone as it will be held for [&hellip;]<\/p>\n","protected":false},"author":5,"featured_media":27938,"comment_status":"open","ping_status":"open","sticky":false,"template":"","format":"standard","meta":{"_acf_changed":false,"footnotes":""},"categories":[8],"tags":[367,368,26,12,20],"class_list":["post-27937","post","type-post","status-publish","format-standard","has-post-thumbnail","hentry","category-beach","tag-2026-afecavol-u17-beach-volleyball-championships","tag-2026-afecavol-u19-beach-volleyball-championships","tag-afecavol","tag-beach-volleyball","tag-norceca"],"acf":[],"_links":{"self":[{"href":"https:\/\/norceca.info\/es\/wp-json\/wp\/v2\/posts\/27937","targetHints":{"allow":["GET"]}}],"collection":[{"href":"https:\/\/norceca.info\/es\/wp-json\/wp\/v2\/posts"}],"about":[{"href":"https:\/\/norceca.info\/es\/wp-json\/wp\/v2\/types\/post"}],"author":[{"embeddable":true,"href":"https:\/\/norceca.info\/es\/wp-json\/wp\/v2\/users\/5"}],"replies":[{"embeddable":true,"href":"https:\/\/norceca.info\/es\/wp-json\/wp\/v2\/comments?post=27937"}],"version-history":[{"count":1,"href":"https:\/\/norceca.info\/es\/wp-json\/wp\/v2\/posts\/27937\/revisions"}],"predecessor-version":[{"id":27939,"href":"https:\/\/norceca.info\/es\/wp-json\/wp\/v2\/posts\/27937\/revisions\/27939"}],"wp:featuredmedia":[{"embeddable":true,"href":"https:\/\/norceca.info\/es\/wp-json\/wp\/v2\/media\/27938"}],"wp:attachment":[{"href":"https:\/\/norceca.info\/es\/wp-json\/wp\/v2\/media?parent=27937"}],"wp:term":[{"taxonomy":"category","embeddable":true,"href":"https:\/\/norceca.info\/es\/wp-json\/wp\/v2\/categories?post=27937"},{"taxonomy":"post_tag","embeddable":true,"href":"https:\/\/norceca.info\/es\/wp-json\/wp\/v2\/tags?post=27937"}],"curies":[{"name":"wp","href":"https:\/\/api.w.org\/{rel}","templated":true}]}}