{"id":27992,"date":"2026-05-01T08:25:00","date_gmt":"2026-05-01T08:25:00","guid":{"rendered":"https:\/\/norceca.info\/?p=27992"},"modified":"2026-05-01T14:26:40","modified_gmt":"2026-05-01T14:26:40","slug":"armenias-strong-volleyball-ambitions-to-shape-the-federations-next-century","status":"publish","type":"post","link":"https:\/\/norceca.info\/es\/armenias-strong-volleyball-ambitions-to-shape-the-federations-next-century\/","title":{"rendered":"Las ambiciones del voleibol de Armenia para dar forma al pr\u00f3ximo siglo de su federaci\u00f3n"},"content":{"rendered":"<p>LAUSANA, Suiza, 30 de abril de 2026.\u2013 Por primera vez en la historia, la dirigencia de la Federaci\u00f3n de Voleibol de Armenia visit\u00f3 la Volleyball House, mientras el reci\u00e9n electo presidente Karen Asmaryan, ex colocador de la selecci\u00f3n nacional, traza una ambiciosa hoja de ruta para el futuro de este deporte en el pa\u00eds.<\/p>\n\n\n\n<p>En el centro de esta visi\u00f3n se encuentra un objetivo audaz: albergar por primera vez en el pa\u00eds Campeonatos Mundiales por Grupos de Edad, con partidos disputados en emblem\u00e1ticas locaciones del centro de Erev\u00e1n. Este concepto innovador refleja tanto la confianza en el futuro del voleibol armenio como el deseo de llevar el deporte al coraz\u00f3n mismo del pa\u00eds.<\/p>\n\n\n\n<p>En el camino hacia esta inspiradora visi\u00f3n, en alineaci\u00f3n con la Visi\u00f3n Estrat\u00e9gica 2032 de la FIVB, Armenia busca continuar benefici\u00e1ndose de los proyectos de Empoderamiento del Voleibol de la FIVB para elevar el rendimiento de sus selecciones nacionales y mejorar la disponibilidad de equipamiento en todo el pa\u00eds. Al mismo tiempo, hay planes en marcha para establecer un Centro de Excelencia, lo que subraya un claro compromiso con el desarrollo de la pr\u00f3xima generaci\u00f3n de talentos en voleibol y voleibol de playa.<\/p>\n\n\n\n<p>Estas ambiciones llegan en un momento hist\u00f3rico para la federaci\u00f3n. En 2026, la Federaci\u00f3n de Voleibol de Armenia celebra su 100.\u00ba aniversario, con el centenario conmemorado a lo largo de los campeonatos y competencias nacionales durante todo el a\u00f1o. Con una direcci\u00f3n estrat\u00e9gica compartida con la FIVB y aspiraciones que abarcan desde el desarrollo de base hasta un Campeonato Mundial en el coraz\u00f3n de Erev\u00e1n, los pr\u00f3ximos 100 a\u00f1os del voleibol armenio comienzan con un panorama prometedor.<\/p>","protected":false},"excerpt":{"rendered":"<p>LAUSANNE, Switzerland, April 30, 2026.- For the first time in history, the Volleyball Federation of Armenia\u2019s leadership visited the Volleyball House, as the newly elected President Karen Asmaryan, a former setter of the national team, outlines an ambitious roadmap for the sport\u2019s future in the country. At the heart of the vision lies a bold [&hellip;]<\/p>\n","protected":false},"author":5,"featured_media":27993,"comment_status":"open","ping_status":"open","sticky":false,"template":"","format":"standard","meta":{"_acf_changed":false,"footnotes":""},"categories":[9],"tags":[194,20,11],"class_list":["post-27992","post","type-post","status-publish","format-standard","has-post-thumbnail","hentry","category-general","tag-fivb","tag-norceca","tag-volleyball"],"acf":[],"_links":{"self":[{"href":"https:\/\/norceca.info\/es\/wp-json\/wp\/v2\/posts\/27992","targetHints":{"allow":["GET"]}}],"collection":[{"href":"https:\/\/norceca.info\/es\/wp-json\/wp\/v2\/posts"}],"about":[{"href":"https:\/\/norceca.info\/es\/wp-json\/wp\/v2\/types\/post"}],"author":[{"embeddable":true,"href":"https:\/\/norceca.info\/es\/wp-json\/wp\/v2\/users\/5"}],"replies":[{"embeddable":true,"href":"https:\/\/norceca.info\/es\/wp-json\/wp\/v2\/comments?post=27992"}],"version-history":[{"count":1,"href":"https:\/\/norceca.info\/es\/wp-json\/wp\/v2\/posts\/27992\/revisions"}],"predecessor-version":[{"id":27994,"href":"https:\/\/norceca.info\/es\/wp-json\/wp\/v2\/posts\/27992\/revisions\/27994"}],"wp:featuredmedia":[{"embeddable":true,"href":"https:\/\/norceca.info\/es\/wp-json\/wp\/v2\/media\/27993"}],"wp:attachment":[{"href":"https:\/\/norceca.info\/es\/wp-json\/wp\/v2\/media?parent=27992"}],"wp:term":[{"taxonomy":"category","embeddable":true,"href":"https:\/\/norceca.info\/es\/wp-json\/wp\/v2\/categories?post=27992"},{"taxonomy":"post_tag","embeddable":true,"href":"https:\/\/norceca.info\/es\/wp-json\/wp\/v2\/tags?post=27992"}],"curies":[{"name":"wp","href":"https:\/\/api.w.org\/{rel}","templated":true}]}}