{"id":28000,"date":"2026-05-01T08:34:00","date_gmt":"2026-05-01T08:34:00","guid":{"rendered":"https:\/\/norceca.info\/?p=28000"},"modified":"2026-05-01T14:36:53","modified_gmt":"2026-05-01T14:36:53","slug":"high-level-competition-at-the-iii-central-american-u17-beach-volleyball-championship","status":"publish","type":"post","link":"https:\/\/norceca.info\/es\/high-level-competition-at-the-iii-central-american-u17-beach-volleyball-championship\/","title":{"rendered":"Con alto nivel competitivo el III Campeonato Centroamericano Sub-17 de Voleibol de Playa"},"content":{"rendered":"<p>SAN SALVADOR, El Salvador 30 de abril 2026.- Con la presencia de los medallistas de bronce en el Clasificatorio NORCECA al Campeonato Mundial Sub-18 de la FIVB, Justin Dinarte\/Mattew Kempf de Nicaragua, adem\u00e1s de las salvadore\u00f1as F\u00e1tima Rend\u00f3n\/Devora Medina, se pone en marcha este viernes 1 de mayo el III Campeonato Centroamericano Sub-17 Masculino y Femenino de Voleibol de Playa.<\/p>\n\n\n\n<p>La cita reunir\u00e1 a cuatro parejas en la rama masculina y cuatro en femenino, provenientes de El Salvador, Guatemala, Nicaragua y Honduras.<\/p>\n\n\n\n<p><strong><a href=\"https:\/\/flic.kr\/s\/aHBqjCSuAa\" target=\"_blank\" rel=\"noreferrer noopener\">\u00c1LBUM FLICKR ENTREVISTA PRELIMINAR SUB-17<\/a><\/strong><strong><\/strong><\/p>\n\n\n\n<p>Pese a la ausencia de Costa Rica, la contienda se perfila muy competitiva ya que estar\u00e1n en acci\u00f3n cinco parejas que estuvieron en el reciente Clasificatorio al Mundial de Voleibol de Playa Sub-18, entre ellas las actuales campeonas centroamericanas de la edici\u00f3n 2024 de la categor\u00eda Sub-17, las salvadore\u00f1as Rend\u00f3n\/Medina.<\/p>\n\n\n\n<p>Se estableci\u00f3 un sistema de competencia en ambas ramas, en el que los equipos jugar\u00e1n todos contra todos a una sola vuelta, las parejas que se ubiquen en primer y segundo lugar disputar\u00e1n el oro, mientras que tercero y cuarto pelear\u00e1n por el bronce en la jornada final.<\/p>\n\n\n\n<p>PAREJAS PARTICIPANTES:<\/p>\n\n\n\n<p>RAMA FEMENINA<\/p>\n\n\n\n<p>El Salvador: F\u00e1tima Rend\u00f3n\/Devora Medina Mencos<\/p>\n\n\n\n<p>Guatemala: Daniela Campos\/F\u00e1tima Reina Ju\u00e1rez<\/p>\n\n\n\n<p>Honduras: Miley Rodr\u00edguez\/Valeria Acosta<\/p>\n\n\n\n<p>Nicaragua: Abdi Narv\u00e1ez Abdi\/Kimberly Silva<\/p>\n\n\n\n<p>RAMA MASCULINA<\/p>\n\n\n\n<p>El Salvador: Adiel Anzora \/Mario Baires<\/p>\n\n\n\n<p>Guatemala: Joseph Godoy\/Josu\u00e9 Rodr\u00edguez<\/p>\n\n\n\n<p>Honduras: Osman Garc\u00eda\/Jonathan Ortega&nbsp;<\/p>\n\n\n\n<p>Nicaragua: Justin Dinarte\/Mattew Kempf<\/p>","protected":false},"excerpt":{"rendered":"<p>SAN SALVADOR, El Salvador, April 30, 2026.\u2013&nbsp;With the presence of the bronze medalists from the NORCECA Beach Volleyball U18 FIVB World Championship Qualifier, Nicaragua\u2019s Justin Dinarte\/Matthew Kempf, along with El Salvador\u2019s F\u00e1tima Rend\u00f3n\/Devora Medina, the III Central American U17 Boy\u2019s and Girl\u2019s Beach Volleyball Championship will get underway this Friday, May 1. The event will [&hellip;]<\/p>\n","protected":false},"author":5,"featured_media":28001,"comment_status":"open","ping_status":"open","sticky":false,"template":"","format":"standard","meta":{"_acf_changed":false,"footnotes":""},"categories":[8],"tags":[367,26,12,20],"class_list":["post-28000","post","type-post","status-publish","format-standard","has-post-thumbnail","hentry","category-beach","tag-2026-afecavol-u17-beach-volleyball-championships","tag-afecavol","tag-beach-volleyball","tag-norceca"],"acf":[],"_links":{"self":[{"href":"https:\/\/norceca.info\/es\/wp-json\/wp\/v2\/posts\/28000","targetHints":{"allow":["GET"]}}],"collection":[{"href":"https:\/\/norceca.info\/es\/wp-json\/wp\/v2\/posts"}],"about":[{"href":"https:\/\/norceca.info\/es\/wp-json\/wp\/v2\/types\/post"}],"author":[{"embeddable":true,"href":"https:\/\/norceca.info\/es\/wp-json\/wp\/v2\/users\/5"}],"replies":[{"embeddable":true,"href":"https:\/\/norceca.info\/es\/wp-json\/wp\/v2\/comments?post=28000"}],"version-history":[{"count":1,"href":"https:\/\/norceca.info\/es\/wp-json\/wp\/v2\/posts\/28000\/revisions"}],"predecessor-version":[{"id":28002,"href":"https:\/\/norceca.info\/es\/wp-json\/wp\/v2\/posts\/28000\/revisions\/28002"}],"wp:featuredmedia":[{"embeddable":true,"href":"https:\/\/norceca.info\/es\/wp-json\/wp\/v2\/media\/28001"}],"wp:attachment":[{"href":"https:\/\/norceca.info\/es\/wp-json\/wp\/v2\/media?parent=28000"}],"wp:term":[{"taxonomy":"category","embeddable":true,"href":"https:\/\/norceca.info\/es\/wp-json\/wp\/v2\/categories?post=28000"},{"taxonomy":"post_tag","embeddable":true,"href":"https:\/\/norceca.info\/es\/wp-json\/wp\/v2\/tags?post=28000"}],"curies":[{"name":"wp","href":"https:\/\/api.w.org\/{rel}","templated":true}]}}