{"id":28047,"date":"2026-05-03T08:20:00","date_gmt":"2026-05-03T08:20:00","guid":{"rendered":"https:\/\/norceca.info\/?p=28047"},"modified":"2026-05-03T14:26:49","modified_gmt":"2026-05-03T14:26:49","slug":"rendon-medina-aim-to-defend-u17-afecavol-beach-title-guatemala-reaches-both-finals","status":"publish","type":"post","link":"https:\/\/norceca.info\/es\/rendon-medina-aim-to-defend-u17-afecavol-beach-title-guatemala-reaches-both-finals\/","title":{"rendered":"Rend\u00f3n\/Medina van por la defensa del t\u00edtulo AFECAVOL Sub-17 de playa; Guatemala finalista en ambas ramas"},"content":{"rendered":"<p>San Salvador, El Salvador, 2 de mayo de 2026.\u2013 Las salvadore\u00f1as F\u00e1tima Rend\u00f3n\/D\u00e9vora Medina buscar\u00e1n revalidar su t\u00edtulo ante su afici\u00f3n cuando disputen la medalla de oro de la rama femenina frente a Daniela Campos\/F\u00e1tima Reina de Guatemala, en la final del III Campeonato Centroamericano Sub-17 de Voleibol de Playa de AFECAVOL.<\/p>\n\n\n\n<p>En la rama masculina, el duelo por el oro tendr\u00e1 como protagonistas a los guatemaltecos Joseph Godoy\/Josu\u00e9 Rodr\u00edguez frente a los invictos Justin Dinarte\/Mattew Kempf de Nicaragua.<\/p>\n\n\n\n<p>Rendon\/Medina fueron implacables en la rama femenina durante la fase preliminar, sumando tres victorias sin derrotas en las que no perdieron ni un solo set.<\/p>\n\n\n\n<p><a href=\"https:\/\/flic.kr\/s\/aHBqjCSFk5\" target=\"_blank\" rel=\"noreferrer noopener\"><strong>\u00c1LBUM FLICKR SUB-17 MASCULINA<\/strong><\/a><strong><\/strong><\/p>\n\n\n\n<p><a href=\"https:\/\/flic.kr\/s\/aHBqjCSFjD\" target=\"_blank\" rel=\"noreferrer noopener\"><strong>\u00c1LBUM FLICKR SUB-17 FEMENINA<\/strong><\/a><strong><\/strong><\/p>\n\n\n\n<figure class=\"wp-block-image aligncenter size-large\"><img loading=\"lazy\" decoding=\"async\" width=\"1024\" height=\"651\" src=\"https:\/\/norceca.info\/wp-content\/uploads\/2026\/05\/Dupla-Ganadora-ESA-1024x651.jpg\" alt=\"\" class=\"wp-image-28051\" srcset=\"https:\/\/norceca.info\/wp-content\/uploads\/2026\/05\/Dupla-Ganadora-ESA-1024x651.jpg 1024w, https:\/\/norceca.info\/wp-content\/uploads\/2026\/05\/Dupla-Ganadora-ESA-300x191.jpg 300w, https:\/\/norceca.info\/wp-content\/uploads\/2026\/05\/Dupla-Ganadora-ESA-768x488.jpg 768w, https:\/\/norceca.info\/wp-content\/uploads\/2026\/05\/Dupla-Ganadora-ESA-1536x976.jpg 1536w, https:\/\/norceca.info\/wp-content\/uploads\/2026\/05\/Dupla-Ganadora-ESA-18x12.jpg 18w, https:\/\/norceca.info\/wp-content\/uploads\/2026\/05\/Dupla-Ganadora-ESA.jpg 1629w\" sizes=\"auto, (max-width: 1024px) 100vw, 1024px\" \/><figcaption class=\"wp-element-caption\">El Salvador<\/figcaption><\/figure>\n\n\n\n<p>Las salvadore\u00f1as cerraron su calendario con triunfos categ\u00f3ricos ante Kimberly Silva\/Adbi Narv\u00e1ez de Nicaragua por 2-0 (21-9, 21-15), y contra Daniela Campos\/F\u00e1tima Reina de Guatemala por otro 2-0 (21-9, 21-13), escuadra que ocup\u00f3 el segundo puesto con registro de 2-1.<\/p>\n\n\n\n<p>Mientras que las nicarag\u00fcenses Silva\/Narv\u00e1ez derrotaron a Miley Rodr\u00edguez\/Valeria Acosta Honduras por 2-0 (21-18, 21-19), en su \u00faltimo compromiso para reclamar el tercer lugar de la tabla con 1-2 en victorias y derrotas.<\/p>\n\n\n\n<p>De esta manera Nicaragua y Honduras, batallar\u00e1n por la medalla de bronce de la rama femenina en la jornada final.<\/p>\n\n\n\n<p>Entre los varones Dinarte\/Kempf de Nicaragua tambi\u00e9n tuvieron un camino perfecto con 3-0 en ganados y perdidos, aunque cedieron un set en el cierre de la jornada al derrotar por 2-1 (19-21, 21-15, 15-13) a Joseph Godoy\/Josu\u00e9 Rodr\u00edguez de Guatemala, partido que defini\u00f3 la cima de la categor\u00eda.<\/p>\n\n\n\n<p>Los guatemaltecos Godoy\/Rodr\u00edguez terminaron la ronda preliminar con balance de 2-1 en el segundo puesto, por lo que enfrentar\u00e1n a los nicarag\u00fcenses por el oro.<\/p>\n\n\n\n<p>En el cierre de la jornada Osman Garc\u00eda\/Jonathan Ortega Honduras vencieron por 2-0 (21-11, 21-16) a Adiel Anzora\/Mario Baires El Salvador, para reclamar el tercer lugar con balance de 1-2. El Salvador fue cuarto (0-3). Ambos equipos volver\u00e1n a chocar en la jornada final por la medalla de bronce.<strong>.<\/strong><\/p>\n\n\n\n<p>RESULTADOS<\/p>\n\n\n\n<p>Rama Femenina:<\/p>\n\n\n\n<p>Jornada de la ma\u00f1ana: Rendon\/Medina ESA 2-0 ( 21-9, 21-15) Kimberly Silva\/Adbi Narv\u00e1ez NCA, Campos\/Reina GUA 2-0 (21-9, 21-14) Miley Rodr\u00edguez\/Valeria Acosta HON<\/p>\n\n\n\n<p>Jornada de la tarde: Rendon\/Medina ESA 2-0 (21-9, 21-13) Campos\/Reina GUA; Silva\/Narv\u00e1ez NCA 2-0 (21-18, 21-19) Rodr\u00edguez\/Acosta HON.<\/p>\n\n\n\n<p>Rama Masculina:<\/p>\n\n\n\n<p>Jornada de la ma\u00f1ana: Godoy\/Rodr\u00edguez Guatemala 2-1 (17-21, 21-19, 15-9) Garc\u00eda\/Ortega HON; Dinarte\/ Kempf NCA 2-0 (21-4, 21-14) Anzora\/Baires ESA.<\/p>\n\n\n\n<p>Jornada de la tarde: Dinarte\/Kempf NCA 2-1 (19-21, 21-15, 15-13) Godoy\/Rodr\u00edguez GUA, Garc\u00eda\/Ortega HON 2-0 (21-11, 21-16) Anzora\/Baires ESA.<\/p>","protected":false},"excerpt":{"rendered":"<p>San Salvador, El Salvador, May 2, 2026. \u2013 El Salvador\u2019s F\u00e1tima Rend\u00f3n\/D\u00e9vora Medina will look to defend their title in front of their home crowd when they play for the girl\u2019s gold medal against Guatemala\u2019s Daniela Campos\/F\u00e1tima Reina in the final of the III AFECAVOL Central American U17 Beach Volleyball Championship. In the boy\u2019s division, [&hellip;]<\/p>\n","protected":false},"author":5,"featured_media":28048,"comment_status":"open","ping_status":"open","sticky":false,"template":"","format":"standard","meta":{"_acf_changed":false,"footnotes":""},"categories":[8],"tags":[367,26,12,20],"class_list":["post-28047","post","type-post","status-publish","format-standard","has-post-thumbnail","hentry","category-beach","tag-2026-afecavol-u17-beach-volleyball-championships","tag-afecavol","tag-beach-volleyball","tag-norceca"],"acf":[],"_links":{"self":[{"href":"https:\/\/norceca.info\/es\/wp-json\/wp\/v2\/posts\/28047","targetHints":{"allow":["GET"]}}],"collection":[{"href":"https:\/\/norceca.info\/es\/wp-json\/wp\/v2\/posts"}],"about":[{"href":"https:\/\/norceca.info\/es\/wp-json\/wp\/v2\/types\/post"}],"author":[{"embeddable":true,"href":"https:\/\/norceca.info\/es\/wp-json\/wp\/v2\/users\/5"}],"replies":[{"embeddable":true,"href":"https:\/\/norceca.info\/es\/wp-json\/wp\/v2\/comments?post=28047"}],"version-history":[{"count":2,"href":"https:\/\/norceca.info\/es\/wp-json\/wp\/v2\/posts\/28047\/revisions"}],"predecessor-version":[{"id":28052,"href":"https:\/\/norceca.info\/es\/wp-json\/wp\/v2\/posts\/28047\/revisions\/28052"}],"wp:featuredmedia":[{"embeddable":true,"href":"https:\/\/norceca.info\/es\/wp-json\/wp\/v2\/media\/28048"}],"wp:attachment":[{"href":"https:\/\/norceca.info\/es\/wp-json\/wp\/v2\/media?parent=28047"}],"wp:term":[{"taxonomy":"category","embeddable":true,"href":"https:\/\/norceca.info\/es\/wp-json\/wp\/v2\/categories?post=28047"},{"taxonomy":"post_tag","embeddable":true,"href":"https:\/\/norceca.info\/es\/wp-json\/wp\/v2\/tags?post=28047"}],"curies":[{"name":"wp","href":"https:\/\/api.w.org\/{rel}","templated":true}]}}