{"id":3228,"date":"2022-10-17T20:25:00","date_gmt":"2022-10-17T20:25:00","guid":{"rendered":"https:\/\/norceca.kinsta.cloud\/?p=3228"},"modified":"2022-10-18T23:28:43","modified_gmt":"2022-10-18T23:28:43","slug":"nicaragua-the-one-to-beat-at-u21-mens-afecavol","status":"publish","type":"post","link":"https:\/\/norceca.info\/es\/nicaragua-the-one-to-beat-at-u21-mens-afecavol\/","title":{"rendered":"Nicaragua el rival a vencer en el Sub-21 Masculino de AFECAVOL \u00a0"},"content":{"rendered":"<p>MANAGUA, Nicaragua, 17 de octubre 2022.- Los siete pa\u00edses de la regi\u00f3n Centroamericana se dieron cita en esta ciudad para disputar el XIX Campeonato Centroamericano Sub-21 Masculino de AFECAVOL que iniciar\u00e1 este martes en el Gimnasio Alexis Arg\u00fcello.<\/p>\n\n\n\n<p>Nicaragua viene de ganar dos t\u00edtulos de manera consecutiva (2017, 2019) y todos los equipos lo ven como el rival a vencer, dada su condici\u00f3n de local, pero todos coinciden que ser\u00e1 un torneo que tendr\u00e1 fuertes batallas y no ser\u00e1 f\u00e1cil para ninguno de las selecciones.<\/p>\n\n\n\n<p><strong><a href=\"http:\/\/www.afecavol.org\/eventos\/2022\/10\/xix-campeonato-centroamericano-sub-21-masculino.aspx\">Tournament Page<\/a><\/strong><\/p>\n\n\n\n<p>Albert Humes, entrenador de Belice:<\/p>\n\n\n\n<p>\u201cLe estamos dando continuidad al programa Sub 19, tenemos un buen colectivo de j\u00f3venes, estamos preparados mentalmente para el torneo, creo que podemos tener un buen resultado y estar en el podium\u201d.<\/p>\n\n\n\n<p>Miguel Pagoaga, entrenador de Honduras<\/p>\n\n\n\n<p>\u201cTenemos un grupo de j\u00f3venes muy entusiastas que se han venido preparando a lo largo del a\u00f1o en diferentes torneos que hemos participado. Venimos a trabajar y luchar por alcanzar el podium, para eso nos hemos preparado y esperamos que as\u00ed lo consigamos\u201d.<\/p>\n\n\n\n<p>Reider Lucas, entrenador de Guatemala<\/p>\n\n\n\n<p>\u201cTrataremos de hacer una buena competencia, tenemos muchachos con muchos deseos de jugar. Es una categor\u00eda que va en desarrollo y tenemos varios jugadores que pensamos que pueden tener un buen desenvolvimiento. Saldremos con la mente positiva y lucharemos partido a partido.\u201d<\/p>\n\n\n\n<p>Alexander Polanco,entrenador de El Salvador<\/p>\n\n\n\n<p>\u201cVenimos a dar una buena batalla, muy buenos juegos, esperando tener excelentes resultados y pelear una de las medallas. Tenemos varios jugadores de experiencia, que han estado en selecciones como Sub 23, donde obtuvimos el tercer lugar y tenemos tres j\u00f3venes que por primera vez debutan y otros que estuvueron en el Sub 19 en Honduras\u201d.<\/p>\n\n\n\n<p>Jorge Mena, entrenador de Nicaragua:<\/p>\n\n\n\n<p>\u201cTrataremos de llegar a lo m\u00e1s alto del podium, o quedar entre los tres primeros lugares e ir escalando posiciones. Somos los actuales campeones y vamos a defender con alma, vida y coraz\u00f3n este campeonato, m\u00e1s que es en nuestra tierra\u201d.<\/p>\n\n\n\n<p>Alberto Blanco, entrenador de Costa Rica<\/p>\n\n\n\n<p>\u201cEs un torneo que tomamos con mucha seriedad, nos hemos preparado a consiencia, sabemos que no ser\u00e1 f\u00e1cil, los equipos se hab preparado fuerte, mejor que en a\u00f1os anteriores, especialmente Nicaragua que viene de una Copa Panamericana en Cuba, y aunque todos los equipos son dif\u00edciles, sabemos que Nicaragua es el rival a vencer\u201d.<\/p>\n\n\n\n<p>Jonathan Caballero, delegado de Panam\u00e1<\/p>\n\n\n\n<p>\u201cTenemos muchachos con mucha garra, con ganas de obtener un cupo en el podium. Son muchachos j\u00f3venes, con altas expectativas y motivados por hacer las cosas bien y dejar en alto a nuestro pa\u00eds\u201d.<\/p>\n\n\n\n<p>El torneo inicia este martes a las 2:00 de la tarde con el partido entre Honduras y Guatemala. A las 4:00 p.m., Belice ante El Salvador, a las 6:00 p.m. habr\u00e1 inauguraci\u00f3n y a continuaci\u00f3n Nicaragua versus Panam\u00e1.<\/p>","protected":false},"excerpt":{"rendered":"<p>MANAGUA, Nicaragua, 17 de octubre 2022.- Los siete pa\u00edses de la regi\u00f3n Centroamericana se dieron cita en esta ciudad para disputar el XIX Campeonato Centroamericano Sub-21 Masculino de AFECAVOL que iniciar\u00e1 este martes en el Gimnasio Alexis Arg\u00fcello.<\/p>","protected":false},"author":5,"featured_media":3229,"comment_status":"open","ping_status":"open","sticky":false,"template":"","format":"standard","meta":{"_acf_changed":false,"footnotes":""},"categories":[7],"tags":[59,26,20,11],"class_list":["post-3228","post","type-post","status-publish","format-standard","has-post-thumbnail","hentry","category-volleyball","tag-2022-afecavol-mens-u21","tag-afecavol","tag-norceca","tag-volleyball"],"acf":[],"_links":{"self":[{"href":"https:\/\/norceca.info\/es\/wp-json\/wp\/v2\/posts\/3228","targetHints":{"allow":["GET"]}}],"collection":[{"href":"https:\/\/norceca.info\/es\/wp-json\/wp\/v2\/posts"}],"about":[{"href":"https:\/\/norceca.info\/es\/wp-json\/wp\/v2\/types\/post"}],"author":[{"embeddable":true,"href":"https:\/\/norceca.info\/es\/wp-json\/wp\/v2\/users\/5"}],"replies":[{"embeddable":true,"href":"https:\/\/norceca.info\/es\/wp-json\/wp\/v2\/comments?post=3228"}],"version-history":[{"count":1,"href":"https:\/\/norceca.info\/es\/wp-json\/wp\/v2\/posts\/3228\/revisions"}],"predecessor-version":[{"id":3230,"href":"https:\/\/norceca.info\/es\/wp-json\/wp\/v2\/posts\/3228\/revisions\/3230"}],"wp:featuredmedia":[{"embeddable":true,"href":"https:\/\/norceca.info\/es\/wp-json\/wp\/v2\/media\/3229"}],"wp:attachment":[{"href":"https:\/\/norceca.info\/es\/wp-json\/wp\/v2\/media?parent=3228"}],"wp:term":[{"taxonomy":"category","embeddable":true,"href":"https:\/\/norceca.info\/es\/wp-json\/wp\/v2\/categories?post=3228"},{"taxonomy":"post_tag","embeddable":true,"href":"https:\/\/norceca.info\/es\/wp-json\/wp\/v2\/tags?post=3228"}],"curies":[{"name":"wp","href":"https:\/\/api.w.org\/{rel}","templated":true}]}}