{"id":3343,"date":"2022-10-24T18:24:00","date_gmt":"2022-10-24T18:24:00","guid":{"rendered":"https:\/\/norceca.kinsta.cloud\/?p=3343"},"modified":"2022-10-25T01:48:27","modified_gmt":"2022-10-25T01:48:27","slug":"costa-rica-ends-with-3-0-victory-over-el-salvador","status":"publish","type":"post","link":"https:\/\/norceca.info\/es\/costa-rica-ends-with-3-0-victory-over-el-salvador\/","title":{"rendered":"Costa Rica finaliza con triunfo 3-0 sobre El Salvador"},"content":{"rendered":"<p>MANAGUA, Nicaragua, 24 de octubre 2022.- Costa Rica venci\u00f3 3-0 (27-25, 25-21, 25-22) a El Salvador para llegar a tres triunfos por tres derrotas en el XIX Campeonato Centroamericano Sub-21 Masculino de AFECAVOL. &nbsp;<\/p>\n\n\n\n<p>El Salvador cometi\u00f3 27 errores que le costaron el partido, pues Costa Rica apenas cometi\u00f3 12, y superado por los salvadore\u00f1os, que en ataque fue superior 44-41 y en servicio 5-2, estando igualados en bloqueo 7-7 .<\/p>\n\n\n\n<p>Dowshel Smith logr\u00f3 23 puntos, por 12 de Johan Cerdas por Costa Rica, mientras El Salvador tuvo a Gabriel Vargas con 22 unidades y Abner Cano con 12.<\/p>\n\n\n\n<p>Costa Rica lleg\u00f3 a 19 puntos, producto de sus tres victorias y tres derrotas, y tendr\u00e1 que esperar el resultado de Panam\u00e1 ante Honduras para definir la medalla de bronce. El Salvador qued\u00f3 con registro de 2-4 en la quinta posici\u00f3n.<\/p>\n\n\n\n<p><strong><a href=\"http:\/\/www.afecavol.org\/eventos\/2022\/10\/xix-campeonato-centroamericano-sub-21-masculino.aspx\">Tournament Page<\/a><\/strong><\/p>\n\n\n\n<figure class=\"wp-block-image size-large\"><img loading=\"lazy\" decoding=\"async\" width=\"1024\" height=\"683\" src=\"https:\/\/norceca.info\/wp-content\/uploads\/2022\/10\/Costa-Rica-celebra1-1024x683.jpg\" alt=\"\" class=\"wp-image-3346\" srcset=\"https:\/\/norceca.info\/wp-content\/uploads\/2022\/10\/Costa-Rica-celebra1-1024x683.jpg 1024w, https:\/\/norceca.info\/wp-content\/uploads\/2022\/10\/Costa-Rica-celebra1-300x200.jpg 300w, https:\/\/norceca.info\/wp-content\/uploads\/2022\/10\/Costa-Rica-celebra1-768x512.jpg 768w, https:\/\/norceca.info\/wp-content\/uploads\/2022\/10\/Costa-Rica-celebra1-1536x1025.jpg 1536w, https:\/\/norceca.info\/wp-content\/uploads\/2022\/10\/Costa-Rica-celebra1-2048x1367.jpg 2048w, https:\/\/norceca.info\/wp-content\/uploads\/2022\/10\/Costa-Rica-celebra1-18x12.jpg 18w\" sizes=\"auto, (max-width: 1024px) 100vw, 1024px\" \/><figcaption><em>Costa Rica celebra victoria ante El Salvador<\/em><\/figcaption><\/figure>\n\n\n\n<p>Alberto Blanco, entrenador de Costa Rica: \u201cEst\u00e1bamos jugando a un nivel bastante fuerte, tuvimos un lapsus raro ante Panam\u00e1, pero creo que en la medida de lo posible la ubicaci\u00f3n de los equipos est\u00e1 en relaci\u00f3n al trabajo realizado; la gente de Guatemala est\u00e1 trabajando muy bien y Nicaragua que son los equipos de adelante, Panam\u00e1 y nosotros ah\u00ed venimos. Se nos ha hecho muy dif\u00edcil en los \u00faltimos a\u00f1os conformar una selecci\u00f3n porque los muchachos se van a estudiar fuera del pa\u00eds, se van a jugar a otros pa\u00edses y es complicado tener un buen grupo as\u00ed\u201d.<\/p>\n\n\n\n<p>Alexander Polanco, entrenador de El Salvador: \u201cPara nosotros ha sido una amarga experiencia la verdad, nos falt\u00f3 un acomodador que supiese manejar a la gente, pero esta joven, solo tiene un torneo encima y no fue muy exigente. En t\u00e9rminos generales el equipo estaba para m\u00e1s, se nos fueron juegos de las manos y eso desmotiv\u00f3 directamente al grupo y si cayeron fue por eso no por falta de capacidad. Tenemos un equipo joven, de proyecci\u00f3n y eso nos deja un poco satisfechos\u201d.<\/p>\n\n\n\n<p><a href=\"https:\/\/flic.kr\/s\/aHBqjAcxbB\"><strong>Photo Gallery<\/strong><\/a><\/p>\n\n\n\n<div data-wp-interactive=\"core\/file\" class=\"wp-block-file\"><object data-wp-bind--hidden=\"!state.hasPdfPreview\" hidden class=\"wp-block-file__embed\" data=\"https:\/\/norceca.info\/wp-content\/uploads\/2022\/10\/M21CAM22-Match-19-P-2-CRC-vrs-ESA.pdf\" type=\"application\/pdf\" style=\"width:100%;height:200px\" aria-label=\"Incrustado de Embed of M21CAM22-Match-19-P-2-CRC-vrs-ESA..\"><\/object><a id=\"wp-block-file--media-f039e188-b180-4d7a-8f2d-64d9e1e387a1\" href=\"https:\/\/norceca.info\/wp-content\/uploads\/2022\/10\/M21CAM22-Match-19-P-2-CRC-vrs-ESA.pdf\">M21CAM22-Match-19-P-2-CRC-vrs-ESA<\/a><a href=\"https:\/\/norceca.info\/wp-content\/uploads\/2022\/10\/M21CAM22-Match-19-P-2-CRC-vrs-ESA.pdf\" class=\"wp-block-file__button\" download aria-describedby=\"wp-block-file--media-f039e188-b180-4d7a-8f2d-64d9e1e387a1\">Download<\/a><\/div>\n\n\n\n<div data-wp-interactive=\"core\/file\" class=\"wp-block-file\"><object data-wp-bind--hidden=\"!state.hasPdfPreview\" hidden class=\"wp-block-file__embed\" data=\"https:\/\/norceca.info\/wp-content\/uploads\/2022\/10\/M21CAM22-Match-19-P-3-CRC-vrs-ESA.pdf\" type=\"application\/pdf\" style=\"width:100%;height:200px\" aria-label=\"Incrustado de Embed of M21CAM22-Match-19-P-3-CRC-vrs-ESA..\"><\/object><a id=\"wp-block-file--media-67b98722-ca3e-48f5-b17d-f119d7eddcd2\" href=\"https:\/\/norceca.info\/wp-content\/uploads\/2022\/10\/M21CAM22-Match-19-P-3-CRC-vrs-ESA.pdf\">M21CAM22-Match-19-P-3-CRC-vrs-ESA<\/a><a href=\"https:\/\/norceca.info\/wp-content\/uploads\/2022\/10\/M21CAM22-Match-19-P-3-CRC-vrs-ESA.pdf\" class=\"wp-block-file__button\" download aria-describedby=\"wp-block-file--media-67b98722-ca3e-48f5-b17d-f119d7eddcd2\">Download<\/a><\/div>","protected":false},"excerpt":{"rendered":"<p>MANAGUA, Nicaragua, 24 de octubre 2022.- Costa Rica venci\u00f3 3-0 (27-25, 25-21, 25-22) a El Salvador para llegar a tres triunfos por tres derrotas en el XIX Campeonato Centroamericano Sub-21 Masculino de AFECAVOL. \u00a0<\/p>","protected":false},"author":5,"featured_media":3347,"comment_status":"open","ping_status":"open","sticky":false,"template":"","format":"standard","meta":{"_acf_changed":false,"footnotes":""},"categories":[7],"tags":[59,26,20,11],"class_list":["post-3343","post","type-post","status-publish","format-standard","has-post-thumbnail","hentry","category-volleyball","tag-2022-afecavol-mens-u21","tag-afecavol","tag-norceca","tag-volleyball"],"acf":[],"_links":{"self":[{"href":"https:\/\/norceca.info\/es\/wp-json\/wp\/v2\/posts\/3343","targetHints":{"allow":["GET"]}}],"collection":[{"href":"https:\/\/norceca.info\/es\/wp-json\/wp\/v2\/posts"}],"about":[{"href":"https:\/\/norceca.info\/es\/wp-json\/wp\/v2\/types\/post"}],"author":[{"embeddable":true,"href":"https:\/\/norceca.info\/es\/wp-json\/wp\/v2\/users\/5"}],"replies":[{"embeddable":true,"href":"https:\/\/norceca.info\/es\/wp-json\/wp\/v2\/comments?post=3343"}],"version-history":[{"count":1,"href":"https:\/\/norceca.info\/es\/wp-json\/wp\/v2\/posts\/3343\/revisions"}],"predecessor-version":[{"id":3348,"href":"https:\/\/norceca.info\/es\/wp-json\/wp\/v2\/posts\/3343\/revisions\/3348"}],"wp:featuredmedia":[{"embeddable":true,"href":"https:\/\/norceca.info\/es\/wp-json\/wp\/v2\/media\/3347"}],"wp:attachment":[{"href":"https:\/\/norceca.info\/es\/wp-json\/wp\/v2\/media?parent=3343"}],"wp:term":[{"taxonomy":"category","embeddable":true,"href":"https:\/\/norceca.info\/es\/wp-json\/wp\/v2\/categories?post=3343"},{"taxonomy":"post_tag","embeddable":true,"href":"https:\/\/norceca.info\/es\/wp-json\/wp\/v2\/tags?post=3343"}],"curies":[{"name":"wp","href":"https:\/\/api.w.org\/{rel}","templated":true}]}}