{"id":3583,"date":"2022-11-14T21:53:00","date_gmt":"2022-11-14T21:53:00","guid":{"rendered":"https:\/\/norceca.kinsta.cloud\/?p=3583"},"modified":"2022-11-15T17:54:52","modified_gmt":"2022-11-15T17:54:52","slug":"norceca-deeply-mourns-the-loss-of-roosevelt-comarazamy","status":"publish","type":"post","link":"https:\/\/norceca.info\/es\/norceca-deeply-mourns-the-loss-of-roosevelt-comarazamy\/","title":{"rendered":"<strong>NORCECA lamenta profundamente la p\u00e9rdida de Roosevelt Comarazamy<\/strong>"},"content":{"rendered":"<p>SANTO DOMINGO, Rep\u00fablica Dominicana, 14 de noviembre de 2022.- La Confederaci\u00f3n NORCECA de Voleibol est\u00e1 de luto por la p\u00e9rdida de uno de los periodistas deportivos m\u00e1s destacados de Rep\u00fablica Dominicana y miembro de nuestra familia.<\/p>\n\n\n\n<p>Nuestro querido Roosevelt, leyenda del periodismo dominicano, fue exaltado al Pabell\u00f3n de la Fama del Deporte Dominicano en el 2019, con una trayectoria de m\u00e1s de 50 a\u00f1os como profesional y quien inici\u00f3 en el deporte como atleta de baloncesto en donde brill\u00f3 como titular del quinteto de los Juegos Centroamericanos y Del Caribe de 1966.&nbsp;&nbsp;<\/p>\n\n\n\n<p>Comarazamy destac\u00f3 como periodista y comentarista en b\u00e9isbol, pionero de las transmisiones del baloncesto dominicano y voleibol. Era Doctor en Derecho graduado de la Universidad Aut\u00f3noma de Santo Domingo con honores \u201cCum Laude\u201d y fue profesor de periodismo de la Universidad Central del Este en Rep\u00fablica Dominicana.<\/p>\n\n\n\n<p>Era el actual Director de Comunicaciones de la FIVB para el \u00e1rea Norte, Centroam\u00e9rica y el Caribe NORCECA desde 2002 desde donde fue designado delegado de prensa para m\u00faltiples campeonatos continentales, destac\u00e1ndose su nombramiento como Oficial Supervisor de prensa de voleibol en los Juegos Ol\u00edmpicos de Londres 2012 y R\u00edo de Janeiro 2016, as\u00ed como para los Campeonatos Mundiales de 2010 en Jap\u00f3n y 2014 en Italia.<\/p>\n\n\n\n<p>Comarazamy, respetado en el voleibol mundial, nos deja a la edad de 74 a\u00f1os.<\/p>","protected":false},"excerpt":{"rendered":"<p>SANTO DOMINGO, Rep\u00fablica Dominicana, 14 de noviembre de 2022.- La Confederaci\u00f3n NORCECA de Voleibol est\u00e1 de luto por la p\u00e9rdida de uno de los periodistas deportivos m\u00e1s destacados de Rep\u00fablica Dominicana y miembro de nuestra familia.<\/p>","protected":false},"author":5,"featured_media":3584,"comment_status":"open","ping_status":"open","sticky":false,"template":"","format":"standard","meta":{"_acf_changed":false,"footnotes":""},"categories":[9],"tags":[12,20,11],"class_list":["post-3583","post","type-post","status-publish","format-standard","has-post-thumbnail","hentry","category-general","tag-beach-volleyball","tag-norceca","tag-volleyball"],"acf":[],"_links":{"self":[{"href":"https:\/\/norceca.info\/es\/wp-json\/wp\/v2\/posts\/3583","targetHints":{"allow":["GET"]}}],"collection":[{"href":"https:\/\/norceca.info\/es\/wp-json\/wp\/v2\/posts"}],"about":[{"href":"https:\/\/norceca.info\/es\/wp-json\/wp\/v2\/types\/post"}],"author":[{"embeddable":true,"href":"https:\/\/norceca.info\/es\/wp-json\/wp\/v2\/users\/5"}],"replies":[{"embeddable":true,"href":"https:\/\/norceca.info\/es\/wp-json\/wp\/v2\/comments?post=3583"}],"version-history":[{"count":1,"href":"https:\/\/norceca.info\/es\/wp-json\/wp\/v2\/posts\/3583\/revisions"}],"predecessor-version":[{"id":3585,"href":"https:\/\/norceca.info\/es\/wp-json\/wp\/v2\/posts\/3583\/revisions\/3585"}],"wp:featuredmedia":[{"embeddable":true,"href":"https:\/\/norceca.info\/es\/wp-json\/wp\/v2\/media\/3584"}],"wp:attachment":[{"href":"https:\/\/norceca.info\/es\/wp-json\/wp\/v2\/media?parent=3583"}],"wp:term":[{"taxonomy":"category","embeddable":true,"href":"https:\/\/norceca.info\/es\/wp-json\/wp\/v2\/categories?post=3583"},{"taxonomy":"post_tag","embeddable":true,"href":"https:\/\/norceca.info\/es\/wp-json\/wp\/v2\/tags?post=3583"}],"curies":[{"name":"wp","href":"https:\/\/api.w.org\/{rel}","templated":true}]}}