{"id":4216,"date":"2022-06-05T08:31:00","date_gmt":"2022-06-05T08:31:00","guid":{"rendered":"https:\/\/norceca.kinsta.cloud\/?p=4216"},"modified":"2023-01-12T17:32:54","modified_gmt":"2023-01-12T17:32:54","slug":"dominican-ambassador-travels-to-mexico-with-u21-team","status":"publish","type":"post","link":"https:\/\/norceca.info\/es\/dominican-ambassador-travels-to-mexico-with-u21-team\/","title":{"rendered":"Embajadora dominicana en M\u00e9xico viaja con selecci\u00f3n Sub 21"},"content":{"rendered":"<p>SANTO DOMINGO, Rep\u00fablica Dominicana, 5 de junio de 2022 \u2013 La selecci\u00f3n nacional de voleibol femenino Sub-21 de Rep\u00fablica Dominicana que participar\u00e1 en la Copa Panamericana a realizarse en la ciudad de La Paz en Baja California Sur a partir del 7 de junio con representantes de 10 pa\u00edses parti\u00f3 hacia M\u00e9xico.&nbsp;<\/p>\n\n\n\n<p>Los integrantes del equipo dominicano se reunieron en el Aeropuerto Las Am\u00e9ricas de Santo Domingo con la Embajadora de Rep\u00fablica Dominicana en M\u00e9xico, Su Excelencia Mar\u00eda Isabel Castillo quien aprovech\u00f3 para posar para fotos con las chicas y realiz\u00f3 el viaje a M\u00e9xico en el mismo vuelo. .<\/p>\n\n\n\n<p>Los dominicanos viajaron acompa\u00f1ados del Sr. Ram\u00f3n A. Garc\u00eda, presidente de la Federaci\u00f3n Dominicana de Voleibol (FEDOVOLI).&nbsp;<\/p>\n\n\n\n<p>Los dominicanos jugar\u00e1n en el Grupo A junto a los campeones defensores Cuba y Puerto Rico.&nbsp;<\/p>\n\n\n\n<p>En las cinco ediciones anteriores del evento bianual, ha surgido un campe\u00f3n diferente. Los equipos ganadores han sido los de Per\u00fa, M\u00e9xico, Rep\u00fablica Dominicana, Estados Unidos y Cuba.&nbsp;<\/p>","protected":false},"excerpt":{"rendered":"<p>SANTO DOMINGO, Rep\u00fablica Dominicana, 5 de junio de 2022 \u2013 La selecci\u00f3n nacional de voleibol femenino Sub-21 de Rep\u00fablica Dominicana que participar\u00e1 en la Copa Panamericana a realizarse en la ciudad de La Paz en Baja California Sur a partir del 7 de junio con representantes de 10 pa\u00edses parti\u00f3 hacia M\u00e9xico.\u00a0<\/p>","protected":false},"author":5,"featured_media":4217,"comment_status":"open","ping_status":"open","sticky":false,"template":"","format":"standard","meta":{"_acf_changed":false,"footnotes":""},"categories":[7],"tags":[65,20,11],"class_list":["post-4216","post","type-post","status-publish","format-standard","has-post-thumbnail","hentry","category-volleyball","tag-2022-u21-women-pan-am-cup","tag-norceca","tag-volleyball"],"acf":[],"_links":{"self":[{"href":"https:\/\/norceca.info\/es\/wp-json\/wp\/v2\/posts\/4216","targetHints":{"allow":["GET"]}}],"collection":[{"href":"https:\/\/norceca.info\/es\/wp-json\/wp\/v2\/posts"}],"about":[{"href":"https:\/\/norceca.info\/es\/wp-json\/wp\/v2\/types\/post"}],"author":[{"embeddable":true,"href":"https:\/\/norceca.info\/es\/wp-json\/wp\/v2\/users\/5"}],"replies":[{"embeddable":true,"href":"https:\/\/norceca.info\/es\/wp-json\/wp\/v2\/comments?post=4216"}],"version-history":[{"count":1,"href":"https:\/\/norceca.info\/es\/wp-json\/wp\/v2\/posts\/4216\/revisions"}],"predecessor-version":[{"id":4218,"href":"https:\/\/norceca.info\/es\/wp-json\/wp\/v2\/posts\/4216\/revisions\/4218"}],"wp:featuredmedia":[{"embeddable":true,"href":"https:\/\/norceca.info\/es\/wp-json\/wp\/v2\/media\/4217"}],"wp:attachment":[{"href":"https:\/\/norceca.info\/es\/wp-json\/wp\/v2\/media?parent=4216"}],"wp:term":[{"taxonomy":"category","embeddable":true,"href":"https:\/\/norceca.info\/es\/wp-json\/wp\/v2\/categories?post=4216"},{"taxonomy":"post_tag","embeddable":true,"href":"https:\/\/norceca.info\/es\/wp-json\/wp\/v2\/tags?post=4216"}],"curies":[{"name":"wp","href":"https:\/\/api.w.org\/{rel}","templated":true}]}}