{"id":5283,"date":"2023-04-10T17:35:00","date_gmt":"2023-04-10T17:35:00","guid":{"rendered":"https:\/\/norceca.info\/?p=5283"},"modified":"2023-04-11T22:37:18","modified_gmt":"2023-04-11T22:37:18","slug":"dominican-republic-announces-u19-girls-team","status":"publish","type":"post","link":"https:\/\/norceca.info\/es\/dominican-republic-announces-u19-girls-team\/","title":{"rendered":"Rep\u00fablica Dominicana anuncia su equipo Sub-19 Femenino"},"content":{"rendered":"<p>SANTO DOMINGO, Rep\u00fablica Dominicana, 10 de abril de 2023.- El Proyecto de Selecciones Nacionales de Rep\u00fablica Dominicana dio a conocer al equipo Sub-19 Femenino que representar\u00e1 su pa\u00eds en la Copa Panamericana NORCECA Sub-19 2023 a celebrarse en la Ciudad de Juana D\u00edaz, Puerto Rico del 7 al 15 de mayo.<\/p>\n\n\n\n<p>El Entrenador Principal el brasile\u00f1o Alexandre Ceccato dio a conocer el listado de 12 talentosas jugadoras que fueron seleccionadas de un grupo de 20 atletas, \u201cempezamos a trabajar en el Centro Ol\u00edmpico de Santo Domingo desde el mes de enero, prepar\u00e1ndonos para dos eventos internacionales de gran relevancia, la Copa Panamericana NORCECA en Puerto Rico y el Campeonato Mundial de la FIVB a celebrarse en Croacia y Hungr\u00eda en agosto\u201d.<\/p>\n\n\n\n<p>La capitana y acomodadora Aylin Liberato junto la opuesta Ariana Rodr\u00edguez fueron parte de los equipos Sub-18 y Sub-20 que compitieron en los Campeonatos Mundiales de 2021, as\u00ed como el equipo que gan\u00f3 la medalla de bronce en la Copa Panamericana Sub-19 el a\u00f1o pasado en Estados Unidos.<\/p>\n\n\n\n<p>La acomodadora Crismeyli Paniagua, las atacantes de esquina Katielle Alonzo, Dilenny Malenol, Phoebe Reyes y Yuseiry Ramirez junto a la central Yalyn Victoria Firpo tambi\u00e9n conformaron el equipo medallista de bronce de 2022.<\/p>\n\n\n\n<p>La central Nicole De La Cruz, la opuesta\/central Julie Arias que tambi\u00e9n, la atacante de esquina Jismeily Flete y la libero Edily Soler son nuevos miembros de la selecci\u00f3n nacional.<\/p>\n\n\n\n<p>\u201cVamos a intentar luchar por ganar una medalla y para ello estamos trabajando\u201d agreg\u00f3 Ceccato.<\/p>\n\n\n\n<p><strong>Equipo Sub-19 Femenino de Rep\u00fablica Dominicana<\/strong><\/p>\n\n\n\n<ol class=\"wp-block-list\">\n<li>Aylin Liberato (Capitana), Acomodadora<\/li>\n\n\n\n<li>Crismeyli Paniagua, Acomodadora<\/li>\n\n\n\n<li>Ariana Rodriguez, Opuesta<\/li>\n\n\n\n<li>Katielle Alonzo, Atacante de Esquina<\/li>\n\n\n\n<li>Julie Arias, Opuesta\/Central<\/li>\n\n\n\n<li>Dilenny Malenol, Atacante de Esquina<\/li>\n\n\n\n<li>Yalyn Victoria Firpo, Central<\/li>\n\n\n\n<li>Phoebe Reyes, Atacante de Esquina<\/li>\n\n\n\n<li>Edily Soler, Libero<\/li>\n\n\n\n<li>Nicole De La Cruz, Central<\/li>\n\n\n\n<li>Jismeily Flete, Atacante de Esquina<\/li>\n\n\n\n<li>Yuseiry Ramirez, Atacante de Esquina<\/li>\n<\/ol>\n\n\n\n<p><strong>Cuerpo T\u00e9cnico<\/strong><\/p>\n\n\n\n<ol class=\"wp-block-list\">\n<li>Agripina Martinez,<strong>&nbsp;Delegada<\/strong><\/li>\n\n\n\n<li>Alexandre Ceccato,&nbsp;<strong>Entrenador Principal<\/strong><\/li>\n\n\n\n<li>Jose Espinal,&nbsp;<strong>Entrenador Asistente<\/strong><\/li>\n\n\n\n<li>Marcos Macedo,&nbsp;<strong>Estad\u00edstico<\/strong><\/li>\n\n\n\n<li>Jos\u00e9 Reynoso,<strong>&nbsp;Fisioterapeuta<\/strong><\/li>\n<\/ol>","protected":false},"excerpt":{"rendered":"<p>SANTO DOMINGO, Rep\u00fablica Dominicana, 10 de abril de 2023.- El Proyecto de Selecciones Nacionales de Rep\u00fablica Dominicana dio a conocer al equipo Sub-19 Femenino que representar\u00e1 su pa\u00eds en la Copa Panamericana NORCECA Sub-19 2023 a celebrarse en la Ciudad de Juana D\u00edaz, Puerto Rico del 7 al 15 de mayo.<\/p>","protected":false},"author":5,"featured_media":5284,"comment_status":"open","ping_status":"open","sticky":false,"template":"","format":"standard","meta":{"_acf_changed":false,"footnotes":""},"categories":[7],"tags":[91,20,11],"class_list":["post-5283","post","type-post","status-publish","format-standard","has-post-thumbnail","hentry","category-volleyball","tag-2023-norceca-girls-pan-am-cup","tag-norceca","tag-volleyball"],"acf":[],"_links":{"self":[{"href":"https:\/\/norceca.info\/es\/wp-json\/wp\/v2\/posts\/5283","targetHints":{"allow":["GET"]}}],"collection":[{"href":"https:\/\/norceca.info\/es\/wp-json\/wp\/v2\/posts"}],"about":[{"href":"https:\/\/norceca.info\/es\/wp-json\/wp\/v2\/types\/post"}],"author":[{"embeddable":true,"href":"https:\/\/norceca.info\/es\/wp-json\/wp\/v2\/users\/5"}],"replies":[{"embeddable":true,"href":"https:\/\/norceca.info\/es\/wp-json\/wp\/v2\/comments?post=5283"}],"version-history":[{"count":1,"href":"https:\/\/norceca.info\/es\/wp-json\/wp\/v2\/posts\/5283\/revisions"}],"predecessor-version":[{"id":5285,"href":"https:\/\/norceca.info\/es\/wp-json\/wp\/v2\/posts\/5283\/revisions\/5285"}],"wp:featuredmedia":[{"embeddable":true,"href":"https:\/\/norceca.info\/es\/wp-json\/wp\/v2\/media\/5284"}],"wp:attachment":[{"href":"https:\/\/norceca.info\/es\/wp-json\/wp\/v2\/media?parent=5283"}],"wp:term":[{"taxonomy":"category","embeddable":true,"href":"https:\/\/norceca.info\/es\/wp-json\/wp\/v2\/categories?post=5283"},{"taxonomy":"post_tag","embeddable":true,"href":"https:\/\/norceca.info\/es\/wp-json\/wp\/v2\/tags?post=5283"}],"curies":[{"name":"wp","href":"https:\/\/api.w.org\/{rel}","templated":true}]}}