{"id":5314,"date":"2023-04-19T18:00:00","date_gmt":"2023-04-19T18:00:00","guid":{"rendered":"https:\/\/norceca.info\/?p=5314"},"modified":"2023-04-20T02:37:39","modified_gmt":"2023-04-20T02:37:39","slug":"canadian-mens-indoor-nextgen-team-selected-for-2023","status":"publish","type":"post","link":"https:\/\/norceca.info\/es\/canadian-mens-indoor-nextgen-team-selected-for-2023\/","title":{"rendered":"Canad\u00e1 selecciona Equipo de Hombres \u201cNextGen\u201d para 2023"},"content":{"rendered":"<p>CANADA, 19 de abril de 2023.- La Federaci\u00f3n Nacional de Voleibol de Canad\u00e1 se complace en anunciar los atletas seleccionados para el equipo de la pr\u00f3xima generaci\u00f3n \u201cNextGen\u201d 2023. Este equipo empieza a entrenar en Gatineau, Quebec, el 5 de junio y estar\u00e1 asistiendo a los siguientes eventos:<br><br>- XVI Copa Panamericana NORCECA, Guadalajara, M\u00e9xico del 13 al 21 de agosto<br>- NORCECA Final Six, Edmonton, Alberta del 16 al 25 de septiembre<br><br>\"Es maravilloso ver a tantos atletas regresar al programa de la pasada temporada, as\u00ed como a caras nuevas para la pr\u00f3xima generaci\u00f3n 2023 \u201cNextGen\u201d dijo el director de Alto Rendimiento de voleibol de Volleyball Canad\u00e1, Julien Boucher.<br><br>\"Siempre es emocionante para el equipo tener la oportunidad de competir frente a su p\u00fablico en Edmonton m\u00e1s adelante en la temporada\u201d.<br><br>El a\u00f1o pasado el equipo de la pr\u00f3xima generaci\u00f3n \u201cNextGen\u201d obtuvo la medalla de plata en la Copa Panamericana que se celebr\u00f3 en Gatineau, Quebec.<br>\u00a0<br><strong>Atletas<\/strong><br>Christopher Byam, Bow Island, AB<br>Jordan Canham, Avonmore, ON<br>Samuel Cooper, Hamilton, ON<br>Landon Currie, Coldstream, BC<br>Jesse Elser, Calgary, AB<br>Mathias Elser, Calgary, AB<br>Evan Falardeau, Stratford, ON<br>Luke Herr, Winnipeg, MB<br>Isaac Heslinga, Orangeville, ON<br>Brodie Hofer, Langley, BC<br>Logan House, Barrie, ON<br>Liam Kristjanson, Oak River, MB<br>Fynn McCarthy, Lake Country, BC<br>Matthew Neaves, Calgary, AB<br>Darian Picklyk, Winnipeg, MB<br>James Vincett, Calgary, AB<br>Brett Walsh, Calgary, AB<br>Jackson Young, Etobicoke, ON<br>\u00a0<br><strong>NextGen Staff<\/strong><br>Entrenador Principal: Dan Lewis<br>Entrenador Asistente: Chris Voth<br>Entrenador Asistente: Dan Ota<br>Estad\u00edstico: Lionel Bonnaure<br>Fisioterapeuta: Melissa Healy\u00a0\u00a0\u00a0\u00a0\u00a0\u00a0\u00a0\u00a0\u00a0\u00a0\u00a0\u00a0\u00a0\u00a0<br>Acondicionador F\u00edsico: Louis-Jean Tremblay<br>Team Manager: Georges Laplante<br><br><\/p>","protected":false},"excerpt":{"rendered":"<p>CANADA, 19 de abril de 2023.- La Federaci\u00f3n Nacional de Voleibol de Canad\u00e1 se complace en anunciar los atletas seleccionados para el equipo de la pr\u00f3xima generaci\u00f3n \u201cNextGen\u201d 2023. Este equipo empieza a entrenar en Gatineau, Quebec, el 5 de junio y estar\u00e1 asistiendo a los siguientes eventos:<\/p>","protected":false},"author":5,"featured_media":5315,"comment_status":"open","ping_status":"open","sticky":false,"template":"","format":"standard","meta":{"_acf_changed":false,"footnotes":""},"categories":[7],"tags":[20,11],"class_list":["post-5314","post","type-post","status-publish","format-standard","has-post-thumbnail","hentry","category-volleyball","tag-norceca","tag-volleyball"],"acf":[],"_links":{"self":[{"href":"https:\/\/norceca.info\/es\/wp-json\/wp\/v2\/posts\/5314","targetHints":{"allow":["GET"]}}],"collection":[{"href":"https:\/\/norceca.info\/es\/wp-json\/wp\/v2\/posts"}],"about":[{"href":"https:\/\/norceca.info\/es\/wp-json\/wp\/v2\/types\/post"}],"author":[{"embeddable":true,"href":"https:\/\/norceca.info\/es\/wp-json\/wp\/v2\/users\/5"}],"replies":[{"embeddable":true,"href":"https:\/\/norceca.info\/es\/wp-json\/wp\/v2\/comments?post=5314"}],"version-history":[{"count":1,"href":"https:\/\/norceca.info\/es\/wp-json\/wp\/v2\/posts\/5314\/revisions"}],"predecessor-version":[{"id":5316,"href":"https:\/\/norceca.info\/es\/wp-json\/wp\/v2\/posts\/5314\/revisions\/5316"}],"wp:featuredmedia":[{"embeddable":true,"href":"https:\/\/norceca.info\/es\/wp-json\/wp\/v2\/media\/5315"}],"wp:attachment":[{"href":"https:\/\/norceca.info\/es\/wp-json\/wp\/v2\/media?parent=5314"}],"wp:term":[{"taxonomy":"category","embeddable":true,"href":"https:\/\/norceca.info\/es\/wp-json\/wp\/v2\/categories?post=5314"},{"taxonomy":"post_tag","embeddable":true,"href":"https:\/\/norceca.info\/es\/wp-json\/wp\/v2\/tags?post=5314"}],"curies":[{"name":"wp","href":"https:\/\/api.w.org\/{rel}","templated":true}]}}