{"id":6408,"date":"2023-06-25T18:00:00","date_gmt":"2023-06-25T18:00:00","guid":{"rendered":"https:\/\/norceca.info\/?p=6408"},"modified":"2023-07-16T22:57:18","modified_gmt":"2023-07-16T22:57:18","slug":"norceca-awarded-a-recognition-to-dr-ary-graca-for-his-valuable-support-during-his-presidency","status":"publish","type":"post","link":"https:\/\/norceca.info\/es\/norceca-awarded-a-recognition-to-dr-ary-graca-for-his-valuable-support-during-his-presidency\/","title":{"rendered":"NORCECA reconoce Dr. Ary Gra\u00e7a por su valioso apoyo a la organizaci\u00f3n durante su gesti\u00f3n"},"content":{"rendered":"<p>PUNTA CANA, Rep\u00fablica Dominicana, 24 de junio de 2023.- La Confederaci\u00f3n Norte, Centroam\u00e9rica y del Caribe de Voleibol (NORCECA) le otorg\u00f3 un justo reconocimiento al Presidente de la FIVB, Dr. Ary Gra\u00e7a, por su invaluable apoyo a todas las acciones emprendidas con \u00e9xito por la NORCECA durante su gesti\u00f3n.<\/p>\n\n\n\n<p>El Presidente de NORCECA, el dominicano Crist\u00f3bal Marte Hoffiz, le entreg\u00f3 al Dr. Gra\u00e7a un pirograbado en apreciaci\u00f3n de todo el apoyo que han recibido las Federaciones Nacionales  miembros de la NORCECA durante su gesti\u00f3n.<\/p>\n\n\n\n<p>\u201cNo tenemos como agradecer todo el respaldo que le ha dado a las diferentes iniciativas que les presentamos como NORCECA a la FIVB y hemos recibido su solidaridad, a\u00fan en los momentos m\u00e1s dif\u00edciles, como aquellos se vivi\u00f3 con la pandemia del COVID en 2020-2021\u201d, dijo Marte Hoffiz.<\/p>\n\n\n\n<p>El presidente de la FIVB, Dr. Ary Gra\u00e7a, agradeci\u00f3 el reconocimiento hecho por la NORCECA y los inst\u00f3 a seguir trabajando fuerte, con planificaci\u00f3n y visi\u00f3n para mantener unida la familia del voleibol mundial.<\/p>\n\n\n\n<p><a href=\"https:\/\/www.norceca.net\/2023%20Events\/CMH\/FIVB%20Board\/Photos\/SELECTIONS%20FIVB%20EXECUTIVE%20COMMITTEE%20%20MEETING\/album\/index.html\" data-type=\"URL\" data-id=\"https:\/\/www.norceca.net\/2023%20Events\/CMH\/FIVB%20Board\/Photos\/SELECTIONS%20FIVB%20EXECUTIVE%20COMMITTEE%20%20MEETING\/album\/index.html\">PHOTO GALLERY<\/a><\/p>\n\n\n\n<p>\u201cSomos una familia y siempre buscamos lo mejor para cada uno de los actores que intervenimos para tener una FIVB s\u00f3lida, robusta, donde las innovaciones puedan llegar a cada rinc\u00f3n del mundo\u201d, dijo el presidente de la FIVB.<\/p>\n\n\n\n<p>El Consejo de Administraci\u00f3n de la FIVB, encabezado por el Presidente de la FIVB Dr Ary Gra\u00e7a concluy\u00f3 la pasada semana su productiva reuni\u00f3n de tres d\u00edas en Punta Cana, Rep\u00fablica Dominicana, con una serie de importantes temas discutidos.<\/p>\n\n\n\n<p>Durante la reuni\u00f3n, los miembros recibieron informaci\u00f3n completa sobre Voleibol Mundial de su Director General, Finn Taylor.<\/p>\n\n\n\n<p>Destac\u00f3 el notable \u00e9xito de la VNL 2023 en curso, con un notable aumento del 50% en la asistencia en comparaci\u00f3n con la edici\u00f3n del a\u00f1o pasado, as\u00ed como un crecimiento sustancial de suscriptores OTT desde el inicio del evento.<\/p>","protected":false},"excerpt":{"rendered":"<p>PUNTA CANA, DOMINICAN REPUBLIC, June 24, 2023.- The North, Central American and Caribbean Volleyball Confederation NORCECA awarded a special recognition to FIVB President Dr. Ary Gra\u00e7a, for his valuable support to all the successful actions towards NORCECA during his presidency.<\/p>","protected":false},"author":5,"featured_media":6409,"comment_status":"open","ping_status":"open","sticky":false,"template":"","format":"standard","meta":{"_acf_changed":false,"footnotes":""},"categories":[9],"tags":[12,20,11],"class_list":["post-6408","post","type-post","status-publish","format-standard","has-post-thumbnail","hentry","category-general","tag-beach-volleyball","tag-norceca","tag-volleyball"],"acf":[],"_links":{"self":[{"href":"https:\/\/norceca.info\/es\/wp-json\/wp\/v2\/posts\/6408","targetHints":{"allow":["GET"]}}],"collection":[{"href":"https:\/\/norceca.info\/es\/wp-json\/wp\/v2\/posts"}],"about":[{"href":"https:\/\/norceca.info\/es\/wp-json\/wp\/v2\/types\/post"}],"author":[{"embeddable":true,"href":"https:\/\/norceca.info\/es\/wp-json\/wp\/v2\/users\/5"}],"replies":[{"embeddable":true,"href":"https:\/\/norceca.info\/es\/wp-json\/wp\/v2\/comments?post=6408"}],"version-history":[{"count":1,"href":"https:\/\/norceca.info\/es\/wp-json\/wp\/v2\/posts\/6408\/revisions"}],"predecessor-version":[{"id":6410,"href":"https:\/\/norceca.info\/es\/wp-json\/wp\/v2\/posts\/6408\/revisions\/6410"}],"wp:featuredmedia":[{"embeddable":true,"href":"https:\/\/norceca.info\/es\/wp-json\/wp\/v2\/media\/6409"}],"wp:attachment":[{"href":"https:\/\/norceca.info\/es\/wp-json\/wp\/v2\/media?parent=6408"}],"wp:term":[{"taxonomy":"category","embeddable":true,"href":"https:\/\/norceca.info\/es\/wp-json\/wp\/v2\/categories?post=6408"},{"taxonomy":"post_tag","embeddable":true,"href":"https:\/\/norceca.info\/es\/wp-json\/wp\/v2\/tags?post=6408"}],"curies":[{"name":"wp","href":"https:\/\/api.w.org\/{rel}","templated":true}]}}