{"id":823,"date":"2022-07-14T11:30:00","date_gmt":"2022-07-14T11:30:00","guid":{"rendered":"https:\/\/norceca.kinsta.cloud\/?p=823"},"modified":"2022-07-14T18:04:06","modified_gmt":"2022-07-14T18:04:06","slug":"peruvian-chumpitaz-enjoys-tepic-as-mom-of-the-us-captain","status":"publish","type":"post","link":"https:\/\/norceca.info\/es\/peruvian-chumpitaz-enjoys-tepic-as-mom-of-the-us-captain\/","title":{"rendered":"Peruana Chumpitaz disfruta Tepic como mam\u00e1 del capit\u00e1n de EEUU"},"content":{"rendered":"<p>TEPIC, Nayarit, M\u00e9xico, 14 de julio de 2022 - Raquel Chumpitaz, ex integrante de la selecci\u00f3n peruana de voleibol femenino, ahora vive la etapa de madre del capit\u00e1n de la selecci\u00f3n nacional de los Estados Unidos, Mathew West, que est\u00e1 compitiendo en la Copa Panamericana NORCECA Final Six de Hombres que se disputa en Nayarit, M\u00e9xico.<\/p>\n\n\n\n<p>Raquel fue miembro de la selecci\u00f3n peruana de voleibol femenino que compiti\u00f3 en los Juegos Ol\u00edmpicos de 1980 y miembro del equipo que gan\u00f3 medalla de plata en el Campeonato Mundial 1982 de la FIVB.<\/p>\n\n\n\n<p>Es due\u00f1a de un reconocido club de voleibol en Seattle, Washington en donde reside y ahora estar\u00e1 los pr\u00f3ximos d\u00edas en Tepic, desde las gradas apoyando a su hijo Mathew.<\/p>\n\n\n\n<p>\u201cFui miembro del equipo de voleibol peruano bajo la direcci\u00f3n del coreano Mambo Paz y ahora dirijo un club de voleibol en Seattle, entreno a ni\u00f1os(a) comprendidos entre los 8 y 18 a\u00f1os\u201d explic\u00f3.<\/p>\n\n\n\n<p>Al preguntarle c\u00f3mo se siente de estar desde afuera de la cancha como mam\u00e1 indic\u00f3 \u201cme siento muy orgullosa, \u00e9l ya hab\u00eda conformado la selecci\u00f3n de los Estados Unidos en los Juegos Panamericanos de Toronto y ha jugado profesional desde hace siete a\u00f1os\u201d.<\/p>\n\n\n\n<figure class=\"wp-block-image size-large\"><img loading=\"lazy\" decoding=\"async\" width=\"1024\" height=\"683\" src=\"https:\/\/norceca.info\/wp-content\/uploads\/2022\/07\/RAQUEL-CHUMPITAZ-Y-CRISTOBAL-MARTE-1024x683.jpg\" alt=\"\" class=\"wp-image-824\" srcset=\"https:\/\/norceca.info\/wp-content\/uploads\/2022\/07\/RAQUEL-CHUMPITAZ-Y-CRISTOBAL-MARTE-1024x683.jpg 1024w, https:\/\/norceca.info\/wp-content\/uploads\/2022\/07\/RAQUEL-CHUMPITAZ-Y-CRISTOBAL-MARTE-300x200.jpg 300w, https:\/\/norceca.info\/wp-content\/uploads\/2022\/07\/RAQUEL-CHUMPITAZ-Y-CRISTOBAL-MARTE-768x512.jpg 768w, https:\/\/norceca.info\/wp-content\/uploads\/2022\/07\/RAQUEL-CHUMPITAZ-Y-CRISTOBAL-MARTE-1536x1024.jpg 1536w, https:\/\/norceca.info\/wp-content\/uploads\/2022\/07\/RAQUEL-CHUMPITAZ-Y-CRISTOBAL-MARTE-2048x1365.jpg 2048w, https:\/\/norceca.info\/wp-content\/uploads\/2022\/07\/RAQUEL-CHUMPITAZ-Y-CRISTOBAL-MARTE-18x12.jpg 18w\" sizes=\"auto, (max-width: 1024px) 100vw, 1024px\" \/><figcaption><em>Raquel Chumpitaz es integrante de la selecci\u00f3n de Per\u00fa y Crist\u00f3bal Marte Hoffiz Presidente de NORCECA en Copa Panamericana Final Six<\/em><\/figcaption><\/figure>\n\n\n\n<p>Raquel explica que adem\u00e1s de gran emoci\u00f3n de ver a Mathew defendiendo la bandera de los Estados Unidos, siente stress \u201cal conocer sobre el juego y de la oportunidad de ser seleccionado nacional, me siento ansiosa y quisiera estar en la cancha\u201d.<\/p>\n\n\n\n<p>Agreg\u00f3 que se siente encantada de ver c\u00f3mo a evolucionado Mathew y los dem\u00e1s muchachos que conforman el equipo americano \u201cverlos ganar experiencia, ponerse nerviosos de la oportunidad y que para algunos es la primera vez representando a su pa\u00eds, es surreal porque una vez yo estuve en sus zapatos y tuve esa misma experiencia\u201d.<\/p>\n\n\n\n<p>Raquel a\u00f1adi\u00f3 que el sentimiento es incre\u00edble y que desea disfrutar de muchos m\u00e1s \u00e9xitos como madre de voleibol.<\/p>","protected":false},"excerpt":{"rendered":"<p>TEPIC, Nayarit, M\u00e9xico, 14 de julio de 2022 - Raquel Chumpitaz, ex integrante de la selecci\u00f3n peruana de voleibol femenino, ahora vive la etapa de madre del capit\u00e1n de la selecci\u00f3n nacional de los Estados Unidos, Mathew West, que est\u00e1 compitiendo en la Copa Panamericana NORCECA Final Six de Hombres que se disputa en Nayarit, M\u00e9xico.<\/p>","protected":false},"author":5,"featured_media":825,"comment_status":"open","ping_status":"open","sticky":false,"template":"","format":"standard","meta":{"_acf_changed":false,"footnotes":""},"categories":[7],"tags":[29,20,11],"class_list":["post-823","post","type-post","status-publish","format-standard","has-post-thumbnail","hentry","category-volleyball","tag-finalsix","tag-norceca","tag-volleyball"],"acf":[],"_links":{"self":[{"href":"https:\/\/norceca.info\/es\/wp-json\/wp\/v2\/posts\/823","targetHints":{"allow":["GET"]}}],"collection":[{"href":"https:\/\/norceca.info\/es\/wp-json\/wp\/v2\/posts"}],"about":[{"href":"https:\/\/norceca.info\/es\/wp-json\/wp\/v2\/types\/post"}],"author":[{"embeddable":true,"href":"https:\/\/norceca.info\/es\/wp-json\/wp\/v2\/users\/5"}],"replies":[{"embeddable":true,"href":"https:\/\/norceca.info\/es\/wp-json\/wp\/v2\/comments?post=823"}],"version-history":[{"count":1,"href":"https:\/\/norceca.info\/es\/wp-json\/wp\/v2\/posts\/823\/revisions"}],"predecessor-version":[{"id":826,"href":"https:\/\/norceca.info\/es\/wp-json\/wp\/v2\/posts\/823\/revisions\/826"}],"wp:featuredmedia":[{"embeddable":true,"href":"https:\/\/norceca.info\/es\/wp-json\/wp\/v2\/media\/825"}],"wp:attachment":[{"href":"https:\/\/norceca.info\/es\/wp-json\/wp\/v2\/media?parent=823"}],"wp:term":[{"taxonomy":"category","embeddable":true,"href":"https:\/\/norceca.info\/es\/wp-json\/wp\/v2\/categories?post=823"},{"taxonomy":"post_tag","embeddable":true,"href":"https:\/\/norceca.info\/es\/wp-json\/wp\/v2\/tags?post=823"}],"curies":[{"name":"wp","href":"https:\/\/api.w.org\/{rel}","templated":true}]}}