{"id":8653,"date":"2023-09-24T17:30:00","date_gmt":"2023-09-24T17:30:00","guid":{"rendered":"https:\/\/norceca.info\/?p=8653"},"modified":"2023-09-25T01:35:19","modified_gmt":"2023-09-25T01:35:19","slug":"kaelen-ingram-leads-belize-victory-over-costa-rica","status":"publish","type":"post","link":"https:\/\/norceca.info\/es\/kaelen-ingram-leads-belize-victory-over-costa-rica\/","title":{"rendered":"Kaelen Ingram lidera a Belice al triunfo ante Costa Rica"},"content":{"rendered":"<p>David, Chiriqu\u00ed, Panam\u00e1, 24 de septiembre 2023.- Con 28 de puntos de Kaelen Ingram, Belice logr\u00f3 un triunfo ante Costa Rica 3-1 (25-16, 25-18, 21-25, 25-19) en el inicio del VI Campeonato Centroamericano Sub- 23 Masculino de AFECAVOL en el Centro Deportivo La Basita.<\/p>\n\n\n\n<p>Ingram estuvo imparable con 24 puntos por ataque, 3 en bloqueo y uno en servicio, contando con el apoyo de Ernest Broaster que aport\u00f3 19 unidades y de Eleazar Mej\u00eda con 18. Por Costa Rica, Yulius Brown anot\u00f3 21 puntos.<\/p>\n\n\n\n<p>Belice lider\u00f3 el ataque 66-37, el bloqueo 9-4 y el servicio 7-5, aunque cometieron 32 errores contra 14 de Costa Rica.<\/p>\n\n\n\n<p>Belice tendr\u00e1 su segundo partido este lunes ante El Salvador a las 2:30 p.m. (Hora de Panam\u00e1) y Costa Rica se enfrenta a Honduras a las 5:00 p.m.<\/p>\n\n\n\n<p><strong><a href=\"https:\/\/www.afecavol.org\/eventos\/2023\/09\/vi-campeonato-centroamericano-sub-23-masculino.aspx\">AFECAVOL SUB23 MASCULINO, PANAM\u00c1<\/a><\/strong><\/p>\n\n\n\n<p>DECLARACIONES<\/p>\n\n\n\n<p>Albert Humes, entrenador de Belice: \u201cMe siento muy bien, gracias a esta victoria nos sentimos con m\u00e1s confianza para los pr\u00f3ximos partidos. Creo que ten\u00edamos algunas dudas al inicio porque no todo el equipo hab\u00eda entrenado junto, pero luego demostraron lo que hab\u00edan entrenado los jugadores y todo sali\u00f3 bien\u201d.<\/p>\n\n\n\n<p>Kaelen Ingram, m\u00e1ximo anotador de Belice: \u201cMe siento muy bien por haber venido al torneo, es la primera vez que conozco a todo el equipo, pero conocernos y ver lo que han aprendido es totalmente diferente. La mitad del equipo est\u00e1 en Estados Unidos y la otra mitad en Belice, pero cuando jugamos lo hacemos muy bien, esta seria como mi primera practica con todo el equipo, pero ven\u00edamos con la mentalidad muy afilada que ven\u00edamos por la victoria\u201d.<\/p>\n\n\n\n<p>Johan Morales, entrenador de Costa Rica: \u201cSab\u00edamos de la potencia del equipo de Belice, hist\u00f3ricamente han sido as\u00ed, se tra\u00eda un plan de trabajo que los chicos no cumplieron y a muchos, como era su primera selecci\u00f3n, les jug\u00f3 pasada los nervios. Ahora a corregir porque no se han perdido las opciones de medallas, apenas es el primer juego y tenemos que volver a la parte t\u00e1ctica y arreglar la recepci\u00f3n que hoy estuvo fatal\u201d.<\/p>","protected":false},"excerpt":{"rendered":"<p>David, Chiriqu\u00ed, Panama, September 24, 2023 &#8211; Kaelen Ingram with 28 points, led Belize to \u00a0a 3-1 (25-16, 25-18, 21-25, 25-19) victory against Costa Rica, in the opening match of the VI AFECAVOL Men\u2019s U23 Central American Championship at La Basita Sports Center.<\/p>","protected":false},"author":5,"featured_media":8654,"comment_status":"open","ping_status":"open","sticky":false,"template":"","format":"standard","meta":{"_acf_changed":false,"footnotes":""},"categories":[7],"tags":[26,20,11],"class_list":["post-8653","post","type-post","status-publish","format-standard","has-post-thumbnail","hentry","category-volleyball","tag-afecavol","tag-norceca","tag-volleyball"],"acf":[],"_links":{"self":[{"href":"https:\/\/norceca.info\/es\/wp-json\/wp\/v2\/posts\/8653","targetHints":{"allow":["GET"]}}],"collection":[{"href":"https:\/\/norceca.info\/es\/wp-json\/wp\/v2\/posts"}],"about":[{"href":"https:\/\/norceca.info\/es\/wp-json\/wp\/v2\/types\/post"}],"author":[{"embeddable":true,"href":"https:\/\/norceca.info\/es\/wp-json\/wp\/v2\/users\/5"}],"replies":[{"embeddable":true,"href":"https:\/\/norceca.info\/es\/wp-json\/wp\/v2\/comments?post=8653"}],"version-history":[{"count":1,"href":"https:\/\/norceca.info\/es\/wp-json\/wp\/v2\/posts\/8653\/revisions"}],"predecessor-version":[{"id":8655,"href":"https:\/\/norceca.info\/es\/wp-json\/wp\/v2\/posts\/8653\/revisions\/8655"}],"wp:featuredmedia":[{"embeddable":true,"href":"https:\/\/norceca.info\/es\/wp-json\/wp\/v2\/media\/8654"}],"wp:attachment":[{"href":"https:\/\/norceca.info\/es\/wp-json\/wp\/v2\/media?parent=8653"}],"wp:term":[{"taxonomy":"category","embeddable":true,"href":"https:\/\/norceca.info\/es\/wp-json\/wp\/v2\/categories?post=8653"},{"taxonomy":"post_tag","embeddable":true,"href":"https:\/\/norceca.info\/es\/wp-json\/wp\/v2\/tags?post=8653"}],"curies":[{"name":"wp","href":"https:\/\/api.w.org\/{rel}","templated":true}]}}