{"id":8729,"date":"2023-09-24T17:45:00","date_gmt":"2023-09-24T17:45:00","guid":{"rendered":"https:\/\/norceca.info\/?p=8729"},"modified":"2023-09-26T04:37:52","modified_gmt":"2023-09-26T04:37:52","slug":"nicaragua-defeats-el-salvador-3-0-in-title-defense-opener","status":"publish","type":"post","link":"https:\/\/norceca.info\/es\/nicaragua-defeats-el-salvador-3-0-in-title-defense-opener\/","title":{"rendered":"Nicaragua vence 3-0 a El Salvador en inicio de defensa del t\u00edtulo"},"content":{"rendered":"<p>David, Chiriqu\u00ed, Panam\u00e1, 24 de septiembre 2023.- Nicaragua inici\u00f3 con triunfo 3-0 (25-19, 25-16, 25-18) sobre El Salvador en el segundo partido de la jornada inaugural del VI Campeonato Centroamericano Sub-23 Masculino de AFECAVOL en el Centro Deportivo La Basita.<\/p>\n\n\n\n<p>El campe\u00f3n defensor Nicaragua, estuvo aplicado en el bloqueo con ventaja 9-3, adem\u00e1s lider\u00f3 5-2 en puntos de servicio y 28-25 en ataque. El Salvador cometi\u00f3 33 errores no forzados y Nicaragua 23.<\/p>\n\n\n\n<p>Josu\u00e9 Bland\u00f3n anot\u00f3 10 puntos para Nicaragua, mientras Gustavo Ortiz consigui\u00f3 ocho para los salvadore\u00f1os.<\/p>\n\n\n\n<p>El Salvador enfrentar\u00e1 a Belice este lunes a las 2:30 p.m. (Hora de Panam\u00e1) y Nicaragua va ante Guatemala a las 7:30 p.m.<\/p>\n\n\n\n<p><strong><a href=\"https:\/\/www.afecavol.org\/eventos\/2023\/09\/vi-campeonato-centroamericano-sub-23-masculino.aspx\">AFECAVOL SUB23 MASCULINO, PANAM\u00c1<\/a><\/strong><\/p>\n\n\n\n<p>DECLARACIONES<\/p>\n\n\n\n<p>Jorge Mena, entrenador de Nicaragua: \u201cHoy es una jornada agridulce porque no sabemos si va a continuar el jugador opuesto (Yerick Garc\u00eda) que se lesion\u00f3 hoy y hab\u00eda que sacar el partido y ese era el objetivo. A ver qu\u00e9 nos espera ma\u00f1ana, solo queda ir juego a juego\u201d.<\/p>\n\n\n\n<p>Rafael Hern\u00e1ndez, capit\u00e1n de Nicaragua: \u201cEstuvimos bien hoy, el equipo logr\u00f3 el objetivo aunque El Salvador dio pelea. Creo que lo mejor que tuvimos y nos ayud\u00f3 mucho fue el recibo, eso permiti\u00f3 que tuvi\u00e9ramos buen ataque\u201d.<\/p>\n\n\n\n<p>Andrea Genova, entrenador de El Salvador: \u201cNuestro equipo viene de un largo viaje, incluso nos cancelaron el vuelo y llegamos ayer y tuvimos poco descanso. Creo que esto es normal con un equipo joven que necesita m\u00e1s tiempo para ir mejorando. Conforme avance el torneo miraremos un mejor equipo\u201d.&nbsp;<\/p>","protected":false},"excerpt":{"rendered":"<p>David, Chiriqu\u00ed, Panam\u00e1, 24 de septiembre 2023.- Nicaragua inici\u00f3 con triunfo 3-0 (25-19, 25-16, 25-18) sobre El Salvador en el segundo partido de la jornada inaugural del VI Campeonato Centroamericano Sub-23 Masculino de AFECAVOL en el Centro Deportivo La Basita.<\/p>","protected":false},"author":5,"featured_media":8730,"comment_status":"open","ping_status":"open","sticky":false,"template":"","format":"standard","meta":{"_acf_changed":false,"footnotes":""},"categories":[7],"tags":[26,20,11],"class_list":["post-8729","post","type-post","status-publish","format-standard","has-post-thumbnail","hentry","category-volleyball","tag-afecavol","tag-norceca","tag-volleyball"],"acf":[],"_links":{"self":[{"href":"https:\/\/norceca.info\/es\/wp-json\/wp\/v2\/posts\/8729","targetHints":{"allow":["GET"]}}],"collection":[{"href":"https:\/\/norceca.info\/es\/wp-json\/wp\/v2\/posts"}],"about":[{"href":"https:\/\/norceca.info\/es\/wp-json\/wp\/v2\/types\/post"}],"author":[{"embeddable":true,"href":"https:\/\/norceca.info\/es\/wp-json\/wp\/v2\/users\/5"}],"replies":[{"embeddable":true,"href":"https:\/\/norceca.info\/es\/wp-json\/wp\/v2\/comments?post=8729"}],"version-history":[{"count":1,"href":"https:\/\/norceca.info\/es\/wp-json\/wp\/v2\/posts\/8729\/revisions"}],"predecessor-version":[{"id":8731,"href":"https:\/\/norceca.info\/es\/wp-json\/wp\/v2\/posts\/8729\/revisions\/8731"}],"wp:featuredmedia":[{"embeddable":true,"href":"https:\/\/norceca.info\/es\/wp-json\/wp\/v2\/media\/8730"}],"wp:attachment":[{"href":"https:\/\/norceca.info\/es\/wp-json\/wp\/v2\/media?parent=8729"}],"wp:term":[{"taxonomy":"category","embeddable":true,"href":"https:\/\/norceca.info\/es\/wp-json\/wp\/v2\/categories?post=8729"},{"taxonomy":"post_tag","embeddable":true,"href":"https:\/\/norceca.info\/es\/wp-json\/wp\/v2\/tags?post=8729"}],"curies":[{"name":"wp","href":"https:\/\/api.w.org\/{rel}","templated":true}]}}