{"id":9524,"date":"2023-09-29T17:00:00","date_gmt":"2023-09-29T17:00:00","guid":{"rendered":"https:\/\/norceca.info\/?p=9524"},"modified":"2023-09-29T23:53:57","modified_gmt":"2023-09-29T23:53:57","slug":"costa-rica-closes-with-victory-against-el-salvador","status":"publish","type":"post","link":"https:\/\/norceca.info\/es\/costa-rica-closes-with-victory-against-el-salvador\/","title":{"rendered":"Costa Rica cierra con triunfo ante El Salvador"},"content":{"rendered":"<p>David, Chiriqu\u00ed, Panam\u00e1, 29 de septiembre de 2023.- Costa Rica cerr\u00f3 el VI Campeonato Centroamericano Sub- 23 Masculino de AFECAVOL venciendo a El Salvador 3-0 (25-21, 25-16, 25-19) en la pen\u00faltima jornada del evento en el Centro Deportivo La Basita.<\/p>\n\n\n\n<p>Costa Rica concluy\u00f3 el torneo con tres victorias y tres derrotas en espera de lo que hagan los dem\u00e1s equipos para definir su posici\u00f3n final. El Salvador tiene r\u00e9cord 2-3 y jugar\u00e1 este s\u00e1bado ante Panam\u00e1 a las 7:30 de la noche (hora de Panam\u00e1).<\/p>\n\n\n\n<p>Yulius Brown cerr\u00f3 fuerte con 17 puntos, Juan Diego Delgado con 13 y Andru Jones con 12 para Costa Rica. Abner Cano de El Salvador Abner Cano fue el m\u00e1ximo anotador del partido con 19 unidades.<\/p>\n\n\n\n<p>Costa Rica fue mejor en el ataque 41-38 y super\u00f3 a El Salvador por una amplia ventaja de 12-2 en el bloqueo, con cuatro bloqueos efectivos de Alessandro Signini y tres de Jones. Adem\u00e1s, cerr\u00f3 2-1 en el servicio. El Salvador cometi\u00f3 20 errores no forzados por 14 de los ganadores.<\/p>\n\n\n\n<p><a href=\"https:\/\/www.afecavol.org\/eventos\/2023\/09\/vi-campeonato-centroamericano-sub-23-masculino.aspx\"><strong>AFECAVOL SUB23 MASCULINO, PANAM\u00c1<\/strong><\/a><strong><\/strong><\/p>\n\n\n\n<p>DECLARACIONES<\/p>\n\n\n\n<p>Johan Morales, entrenador de Costa Rica: \u201cObviamente me hubiera gustado quedar entre los primeros tres, ahora tengo que esperar resultados, pero estoy muy contento con los chicos. Este es un proceso nuevo, que est\u00e1 comenzando, es la primera vez que tengo una selecci\u00f3n menor y estoy muy orgulloso de ellos. Al final cerramos como lo ten\u00edamos que hacer, tuvimos oportunidad de ganarles a Nicaragua y a Guatemala, pero son las cosas que el rodaje, la experiencia da, as\u00ed como el equipo de Guatemala que sabe los cierres\u201d.<\/p>\n\n\n\n<p>\u201cEso es lo que estamos buscando en Costa Rica, tener esa experiencia contra equipos de gran nivel, ya que en Centroam\u00e9rica estamos muy parejos en masculino. Me voy a casa, tal vez no feliz, pero s\u00ed contento porque hemos crecido con estos jugadores nuevos\u201d.<\/p>","protected":false},"excerpt":{"rendered":"<p>David, Chiriqu\u00ed, Panam\u00e1, 29 de septiembre de 2023.- Costa Rica cerr\u00f3 el VI Campeonato Centroamericano Sub- 23 Masculino de AFECAVOL venciendo a El Salvador 3-0 (25-21, 25-16, 25-19) en la pen\u00faltima jornada del evento en el Centro Deportivo La Basita.<\/p>","protected":false},"author":5,"featured_media":9525,"comment_status":"open","ping_status":"open","sticky":false,"template":"","format":"standard","meta":{"_acf_changed":false,"footnotes":""},"categories":[7],"tags":[26,20,11],"class_list":["post-9524","post","type-post","status-publish","format-standard","has-post-thumbnail","hentry","category-volleyball","tag-afecavol","tag-norceca","tag-volleyball"],"acf":[],"_links":{"self":[{"href":"https:\/\/norceca.info\/es\/wp-json\/wp\/v2\/posts\/9524","targetHints":{"allow":["GET"]}}],"collection":[{"href":"https:\/\/norceca.info\/es\/wp-json\/wp\/v2\/posts"}],"about":[{"href":"https:\/\/norceca.info\/es\/wp-json\/wp\/v2\/types\/post"}],"author":[{"embeddable":true,"href":"https:\/\/norceca.info\/es\/wp-json\/wp\/v2\/users\/5"}],"replies":[{"embeddable":true,"href":"https:\/\/norceca.info\/es\/wp-json\/wp\/v2\/comments?post=9524"}],"version-history":[{"count":1,"href":"https:\/\/norceca.info\/es\/wp-json\/wp\/v2\/posts\/9524\/revisions"}],"predecessor-version":[{"id":9526,"href":"https:\/\/norceca.info\/es\/wp-json\/wp\/v2\/posts\/9524\/revisions\/9526"}],"wp:featuredmedia":[{"embeddable":true,"href":"https:\/\/norceca.info\/es\/wp-json\/wp\/v2\/media\/9525"}],"wp:attachment":[{"href":"https:\/\/norceca.info\/es\/wp-json\/wp\/v2\/media?parent=9524"}],"wp:term":[{"taxonomy":"category","embeddable":true,"href":"https:\/\/norceca.info\/es\/wp-json\/wp\/v2\/categories?post=9524"},{"taxonomy":"post_tag","embeddable":true,"href":"https:\/\/norceca.info\/es\/wp-json\/wp\/v2\/tags?post=9524"}],"curies":[{"name":"wp","href":"https:\/\/api.w.org\/{rel}","templated":true}]}}