{"id":9540,"date":"2023-09-30T17:00:00","date_gmt":"2023-09-30T17:00:00","guid":{"rendered":"https:\/\/norceca.info\/?p=9540"},"modified":"2023-10-01T05:02:02","modified_gmt":"2023-10-01T05:02:02","slug":"nicaragua-defeats-belize-3-0-and-wins-the-silver-medal","status":"publish","type":"post","link":"https:\/\/norceca.info\/es\/nicaragua-defeats-belize-3-0-and-wins-the-silver-medal\/","title":{"rendered":"Nicaragua vence 3-0 a Belice y gana la Medalla de Plata"},"content":{"rendered":"<p>David, Chiriqu\u00ed, Panam\u00e1, 30 de septiembre de 2023.- Nicaragua super\u00f3 a Belice 3-0 (25-13, 26-24, 25-20) y se qued\u00f3 con la Medalla de Plata del VI Campeonato Centroamericano Sub- 23 Masculino de AFECAVOL en el Centro Deportivo La Basita, en David.<\/p>\n\n\n\n<p>Con el triunfo en sets seguidos Nicaragua termin\u00f3 el evento con r\u00e9cord 4-2 y 21 puntos. Costa Rica que ya hab\u00eda finalizado todos sus juegos un d\u00eda antes, se benefici\u00f3 de la victoria de Nicaragua para llevarse la medalla de bronce con r\u00e9cord 3-3 y 19 puntos. Belice qued\u00f3 en cuarto lugar, tambi\u00e9n 3-3, pero con 17 puntos.<\/p>\n\n\n\n<p>Despu\u00e9s de dominar completamente el primer set, en el segundo Nicaragua se recuper\u00f3 de un d\u00e9ficit de tres puntos (21-24) para cerrar el set 26-24. En el tercer set, a pesar de la oposici\u00f3n de Belice, Nicaragua logr\u00f3 cerrar con la victoria en sets seguidos.<\/p>\n\n\n\n<p>Evans Sol\u00eds lider\u00f3 a Nicaragua con 17 puntos, 14 de ataque, dos de bloqueo y un servicio. Lennin G\u00f3mez agreg\u00f3 14 y Denis Espinoza con 10. Por Belice, Ernest Broaster anot\u00f3 12 puntos.<\/p>\n\n\n\n<p>Nicaragua fue mejor en ataque 40-34, en bloqueo 8-3 y 4-2 en puntos por saque, aprovechando 24 errores no forzados de Belice por 18 cometidos.<\/p>\n\n\n\n<p><strong><u><a href=\"https:\/\/www.afecavol.org\/eventos\/2023\/09\/vi-campeonato-centroamericano-sub-23-masculino.aspx\" target=\"_blank\" rel=\"noreferrer noopener\">AFECAVOL SUB23 MASCULINO, PANAM\u00c1<\/a><\/u><\/strong><\/p>\n\n\n\n<p>DECLARACIONES<\/p>\n\n\n\n<p>Jorge Mena, entrenador de Nicaragua: \u201cSab\u00edamos que este partido era todo o nada. Mis jugadores se enfocaron y lucharon, trabajamos con ellos an\u00edmicamente. Hicimos unas variantes con el acomodador (Victor Cruz) que nos dio resultado al igual que el partido que tuvo Denis Espinoza que hoy entr\u00f3 de titular y funcion\u00f3. Como siempre hay sus contratiempos, jugadores lesionados o lesiones en el primer d\u00eda del torneo que nos hicieron cambiar el esquema, pero as\u00ed es esto\u201d.<\/p>\n\n\n\n<p>Evans Sol\u00eds, m\u00e1ximo anotador de Nicaragua: \u201cNos sentimos s\u00faper orgullosos despu\u00e9s de sacar esta victoria, ven\u00edamos con otras expectativas al torneo, pero el segundo lugar es muy aceptable, porque sab\u00edamos que el torneo ser\u00eda dif\u00edcil. Y este partido ante Belice tambi\u00e9n ser\u00eda duro, porque tra\u00edamos varios partidos de cinco sets y est\u00e1bamos un poco cansados. Nos ayud\u00f3 el esp\u00edritu de lucha y los deseos de ganar. Para mi tambi\u00e9n tiene un significado especial porque mi t\u00edo cumpli\u00f3 dos a\u00f1os de fallecido hace dos d\u00edas y le dedico a \u00e9l este triunfo\u201d.&nbsp;<\/p>","protected":false},"excerpt":{"rendered":"<p>David, Chiriqu\u00ed, Panam\u00e1, 30 de septiembre de 2023.- Nicaragua super\u00f3 a Belice 3-0 (25-13, 26-24, 25-20) y se qued\u00f3 con la Medalla de Plata del VI Campeonato Centroamericano Sub- 23 Masculino de AFECAVOL en el Centro Deportivo La Basita, en David.<\/p>","protected":false},"author":5,"featured_media":9541,"comment_status":"open","ping_status":"open","sticky":false,"template":"","format":"standard","meta":{"_acf_changed":false,"footnotes":""},"categories":[7],"tags":[26,20,11],"class_list":["post-9540","post","type-post","status-publish","format-standard","has-post-thumbnail","hentry","category-volleyball","tag-afecavol","tag-norceca","tag-volleyball"],"acf":[],"_links":{"self":[{"href":"https:\/\/norceca.info\/es\/wp-json\/wp\/v2\/posts\/9540","targetHints":{"allow":["GET"]}}],"collection":[{"href":"https:\/\/norceca.info\/es\/wp-json\/wp\/v2\/posts"}],"about":[{"href":"https:\/\/norceca.info\/es\/wp-json\/wp\/v2\/types\/post"}],"author":[{"embeddable":true,"href":"https:\/\/norceca.info\/es\/wp-json\/wp\/v2\/users\/5"}],"replies":[{"embeddable":true,"href":"https:\/\/norceca.info\/es\/wp-json\/wp\/v2\/comments?post=9540"}],"version-history":[{"count":1,"href":"https:\/\/norceca.info\/es\/wp-json\/wp\/v2\/posts\/9540\/revisions"}],"predecessor-version":[{"id":9542,"href":"https:\/\/norceca.info\/es\/wp-json\/wp\/v2\/posts\/9540\/revisions\/9542"}],"wp:featuredmedia":[{"embeddable":true,"href":"https:\/\/norceca.info\/es\/wp-json\/wp\/v2\/media\/9541"}],"wp:attachment":[{"href":"https:\/\/norceca.info\/es\/wp-json\/wp\/v2\/media?parent=9540"}],"wp:term":[{"taxonomy":"category","embeddable":true,"href":"https:\/\/norceca.info\/es\/wp-json\/wp\/v2\/categories?post=9540"},{"taxonomy":"post_tag","embeddable":true,"href":"https:\/\/norceca.info\/es\/wp-json\/wp\/v2\/tags?post=9540"}],"curies":[{"name":"wp","href":"https:\/\/api.w.org\/{rel}","templated":true}]}}